{"id":6406,"date":"2025-05-21T09:34:06","date_gmt":"2025-05-21T08:34:06","guid":{"rendered":"https:\/\/www.ortho-hart.at\/?p=6406"},"modified":"2025-05-21T09:35:15","modified_gmt":"2025-05-21T08:35:15","slug":"temer-uplne-ztuhly-loket-cilenou-operaci-obnovena-pohyblivost","status":"publish","type":"post","link":"https:\/\/www.ortho-hart.at\/cs\/temer-uplne-ztuhly-loket-cilenou-operaci-obnovena-pohyblivost\/","title":{"rendered":"T\u00e9m\u011b\u0159 \u00fapln\u011b ztuhl\u00fd loket &#8211; c\u00edlenou operac\u00ed obnovena pohyblivost"},"content":{"rendered":"\t\t<div data-elementor-type=\"wp-post\" data-elementor-id=\"6406\" class=\"elementor elementor-6406 elementor-6240\" data-elementor-post-type=\"post\">\n\t\t\t\t<div class=\"elementor-element elementor-element-2892f953 e-flex e-con-boxed e-con e-parent\" data-id=\"2892f953\" data-element_type=\"container\">\n\t\t\t\t\t<div class=\"e-con-inner\">\n\t\t\t\t<div class=\"elementor-element elementor-element-911a1d2 elementor-widget elementor-widget-heading\" data-id=\"911a1d2\" data-element_type=\"widget\" data-widget_type=\"heading.default\">\n\t\t\t\t<div class=\"elementor-widget-container\">\n\t\t\t\t\t<h1 class=\"elementor-heading-title elementor-size-default\">T\u00e9m\u011b\u0159 \u00fapln\u011b ztuhl\u00fd loket - c\u00edlenou operac\u00ed obnovena pohyblivost<\/h1>\t\t\t\t<\/div>\n\t\t\t\t<\/div>\n\t\t\t\t<div class=\"elementor-element elementor-element-704d86f elementor-widget elementor-widget-text-editor\" data-id=\"704d86f\" data-element_type=\"widget\" data-widget_type=\"text-editor.default\">\n\t\t\t\t<div class=\"elementor-widget-container\">\n\t\t\t\t\t\t\t\t\t<p><span style=\"font-weight: 400;\"><span style=\"vertical-align: inherit;\"><span style=\"vertical-align: inherit;\">Po \u00farazu a prvn\u00ed operaci z\u016fstal loket pacienta zcela nehybn\u00fd. Kloubn\u00ed plocha se zahojila t\u00e9m\u011b\u0159 v prav\u00e9m \u00fahlu a nebylo mo\u017en\u00e9 s n\u00ed aktivn\u011b ani pasivn\u011b pohybovat. Pacient ji\u017e nemohl ruku spr\u00e1vn\u011b pou\u017e\u00edvat &#8211; ani p\u0159i j\u00eddle, ani v b\u011b\u017en\u00e9m \u017eivot\u011b, ani v pr\u00e1ci.  <\/span><\/span><\/span><\/p>\t\t\t\t\t\t\t\t<\/div>\n\t\t\t\t<\/div>\n\t\t\t\t<div class=\"elementor-element elementor-element-27d86b0 elementor-widget elementor-widget-image\" data-id=\"27d86b0\" data-element_type=\"widget\" data-widget_type=\"image.default\">\n\t\t\t\t<div class=\"elementor-widget-container\">\n\t\t\t\t\t\t\t\t\t\t\t\t\t\t\t<img fetchpriority=\"high\" decoding=\"async\" width=\"1024\" height=\"461\" src=\"https:\/\/www.ortho-hart.at\/wp-content\/uploads\/2025\/06\/Case-study-2-picture-3-1024x461.jpg\" class=\"attachment-large size-large wp-image-6250\" alt=\"\" srcset=\"https:\/\/www.ortho-hart.at\/wp-content\/uploads\/2025\/06\/Case-study-2-picture-3-1024x461.jpg 1024w, https:\/\/www.ortho-hart.at\/wp-content\/uploads\/2025\/06\/Case-study-2-picture-3-300x135.jpg 300w, https:\/\/www.ortho-hart.at\/wp-content\/uploads\/2025\/06\/Case-study-2-picture-3-768x346.jpg 768w, https:\/\/www.ortho-hart.at\/wp-content\/uploads\/2025\/06\/Case-study-2-picture-3-1536x692.jpg 1536w, https:\/\/www.ortho-hart.at\/wp-content\/uploads\/2025\/06\/Case-study-2-picture-3.jpg 2016w\" sizes=\"(max-width: 1024px) 100vw, 1024px\" \/>\t\t\t\t\t\t\t\t\t\t\t\t\t\t\t<\/div>\n\t\t\t\t<\/div>\n\t\t\t\t<div class=\"elementor-element elementor-element-837396c elementor-widget elementor-widget-heading\" data-id=\"837396c\" data-element_type=\"widget\" data-widget_type=\"heading.default\">\n\t\t\t\t<div class=\"elementor-widget-container\">\n\t\t\t\t\t<h2 class=\"elementor-heading-title elementor-size-default\">P\u0159\u00ed\u010diny ztuhnut\u00ed<\/h2>\t\t\t\t<\/div>\n\t\t\t\t<\/div>\n\t\t\t\t<div class=\"elementor-element elementor-element-0a88812 elementor-widget elementor-widget-text-editor\" data-id=\"0a88812\" data-element_type=\"widget\" data-widget_type=\"text-editor.default\">\n\t\t\t\t<div class=\"elementor-widget-container\">\n\t\t\t\t\t\t\t\t\t<p><span style=\"font-weight: 400;\">Ztuhl\u00fd loket (l\u00e9ka\u0159sky: zmrzl\u00fd loket) m\u016f\u017ee vzniknout po \u00farazech, operac\u00edch nebo z\u00e1n\u011btech. V tomto p\u0159\u00edpad\u011b do\u0161lo k zatvrdnut\u00ed kloubu v nep\u0159\u00edzniv\u00e9 poloze po prvn\u00ed operaci. P\u0159\u00ed\u010dinou byla kombinace vnit\u0159n\u00edch sr\u016fst\u016f (tzv. artrofibr\u00f3za), kloubn\u00edch sr\u016fst\u016f a kapsul\u00e1rn\u00edch kontraktur &#8211; tj. smr\u0161\u0165ov\u00e1n\u00ed a tvrdnut\u00ed kloubn\u00edho pouzdra.  <\/span><\/p>\t\t\t\t\t\t\t\t<\/div>\n\t\t\t\t<\/div>\n\t\t\t\t<div class=\"elementor-element elementor-element-c73b6d0 elementor-widget elementor-widget-heading\" data-id=\"c73b6d0\" data-element_type=\"widget\" data-widget_type=\"heading.default\">\n\t\t\t\t<div class=\"elementor-widget-container\">\n\t\t\t\t\t<h2 class=\"elementor-heading-title elementor-size-default\">C\u00edlen\u00e9 provozn\u00ed \u0159e\u0161en\u00ed<\/h2>\t\t\t\t<\/div>\n\t\t\t\t<\/div>\n\t\t\t\t<div class=\"elementor-element elementor-element-562212b elementor-widget elementor-widget-text-editor\" data-id=\"562212b\" data-element_type=\"widget\" data-widget_type=\"text-editor.default\">\n\t\t\t\t<div class=\"elementor-widget-container\">\n\t\t\t\t\t\t\t\t\t<p><span style=\"font-weight: 400;\">C\u00edlem operace bylo obnovit pohyblivost lokte. Za t\u00edmto \u00fa\u010delem byly opatrn\u011b uvoln\u011bny srostl\u00e9 struktury v kloubu a odstran\u011bna p\u0159ebyte\u010dn\u00e1 zjizven\u00e1 tk\u00e1\u0148 a kloubn\u00ed pouzdro. Operace vy\u017eaduje maxim\u00e1ln\u00ed p\u0159esnost, proto\u017ee v oblasti kolem lokte se nach\u00e1zej\u00ed d\u016fle\u017eit\u00e9 nervy a c\u00e9vy.  <\/span><\/p><p><span style=\"font-weight: 400;\">Po operaci byla provedena c\u00edlen\u00e1 n\u00e1sledn\u00e1 l\u00e9\u010dba s fyzioterapi\u00ed, kter\u00e1 stabilizovala a d\u00e1le zlep\u0161ila obnovenou pohyblivost.<\/span><\/p>\t\t\t\t\t\t\t\t<\/div>\n\t\t\t\t<\/div>\n\t\t<div class=\"elementor-element elementor-element-6b63a40 e-con-full e-flex e-con e-child\" data-id=\"6b63a40\" data-element_type=\"container\">\n\t\t\t\t<div class=\"elementor-element elementor-element-b49f197 elementor-view-default elementor-widget elementor-widget-icon\" data-id=\"b49f197\" data-element_type=\"widget\" data-widget_type=\"icon.default\">\n\t\t\t\t<div class=\"elementor-widget-container\">\n\t\t\t\t\t\t\t<div class=\"elementor-icon-wrapper\">\n\t\t\t<div class=\"elementor-icon\">\n\t\t\t<svg xmlns=\"http:\/\/www.w3.org\/2000\/svg\" id=\"Vrstva_1\" viewBox=\"0 0 241.63 226.08\"><defs><style>.cls-1{fill:#1d1d1b;}<\/style><\/defs><path class=\"cls-1\" d=\"M132.81,44.85V174.49h-20.76v-53.59h-44.21v53.59h-20.76V44.85h20.76v50.95h44.21V44.85h20.76Z\"><\/path><path class=\"cls-1\" d=\"M149.09,63.78s-2.19-.31-4.66-1.27-6.02-.62-6.23-2.83,2.4-6.19,2.54-7.36,.02-4.8,1.03-6.68c1.01-1.88,3.96,.14,6.3,.44,2.34,.3,5.13,.7,5.86,1.3s-1.38,3.48-2.47,6.12,1.15,10.46-2.37,10.28Z\"><\/path><path class=\"cls-1\" d=\"M160.53,68.46s-3.62-3.02-5.07-3.6-2.35-2.12-.06-3.58,6.78-7.82,7.27-9.22,2.01-3.07,3.86-1.4c1.85,1.67,4.59,4.19,5.89,4.72,1.31,.53,4.22,3.2,1.01,4.75-3.21,1.55-4.34,5.24-5.82,7.12-1.48,1.88-3.14,3.73-4.77,3.01-1.63-.73-2.31-1.79-2.31-1.79Z\"><\/path><path class=\"cls-1\" d=\"M170.99,78.38s-1.34-2.31-3.57-4.6c-2.24-2.29,1.18-3.53,2.35-3.91s6.68-4.03,7.88-5.27,3.21-2.69,4.77-.69,4.25,5.25,5.13,6.96c.88,1.71,3,3.94-1.04,5.27-4.05,1.32-8.64,4.74-9.66,5.73s-3.07,1.5-5.86-3.5Z\"><\/path><path class=\"cls-1\" d=\"M175.81,93.19s-.21-5.35-.52-7.02c-.31-1.68,2.73-1.36,5.03-1.47s8.49-3.88,10.06-4.09,2.2,2.1,2.52,4.51,1.26,7.44,1.57,9.12-.09,2.43-3.92,2.42c-3.83,0-9.54,1.56-11.72,1.88s-2.7-.07-3.02-5.35Z\"><\/path><path class=\"cls-1\" d=\"M173.35,109.95s1.15-3.04,1.57-4.93c.42-1.89,.8-2.52,2.81-1.78,2.01,.73,9.77,1.89,11.34,1.89s3.46-.19,3.67,1.32c.21,1.51-1.99,5.18-2.2,7.8-.21,2.62,.26,8-4.17,6.52-4.43-1.49-10.56-5.05-12.21-5.47s-2.81-2.2-.82-5.35Z\"><\/path><path class=\"cls-1\" d=\"M162.08,119.61s-3.78,3.56-6.61,5.66c-2.83,2.1-4.46,2.41-4.91,3.98s2.18,1.99,5.22,2.31,6.5,1.47,7.65,2.94,3.14,3.88,4.93,4.61c1.78,.73,2.62,1.47,4.19,3.77,1.57,2.31,2.73,6.92,4.72,8.81s3.14,5.66,4.19,7.76c1.05,2.1,1.57,3.77,1.68,6.81s0,7.55-1.15,9.22-4.51,4.19-3.56,5.56,8.18-5.14,9.85-6.92c1.68-1.78,1.57-5.45,2.52-7.02s2.83-5.87,2.31-9.02-.63-8.07-.42-10.06,.73-4.19-.63-5.14c-1.36-.94-.73-4.09-.73-5.77,0-1.68-2.41-2.62-2.62-4.19s-1.15-2.73-2.73-3.25c-1.57-.52-1.99-3.04-.73-3.88,1.26-.84,.1-2.1-3.25-2.52-3.35-.42-9.22-2.41-10.9-3.14s-4.4,.21-5.66-.52-1.91-1.32-3.35,0Z\"><\/path><\/svg>\t\t\t<\/div>\n\t\t<\/div>\n\t\t\t\t\t\t<\/div>\n\t\t\t\t<\/div>\n\t\t\t\t<div class=\"elementor-element elementor-element-52a478f elementor-widget elementor-widget-heading\" data-id=\"52a478f\" data-element_type=\"widget\" data-widget_type=\"heading.default\">\n\t\t\t\t<div class=\"elementor-widget-container\">\n\t\t\t\t\t<h5 class=\"elementor-heading-title elementor-size-default\"><a href=\"https:\/\/www.ortho-hart.at\/cs\/loketni-jamka\/\">Hled\u00e1te specialistu na lokty?<\/a><\/h5>\t\t\t\t<\/div>\n\t\t\t\t<\/div>\n\t\t\t\t<div class=\"elementor-element elementor-element-1593256 elementor-align-center elementor-widget elementor-widget-button\" data-id=\"1593256\" data-element_type=\"widget\" data-widget_type=\"button.default\">\n\t\t\t\t<div class=\"elementor-widget-container\">\n\t\t\t\t\t\t\t\t\t<div class=\"elementor-button-wrapper\">\n\t\t\t\t\t<a class=\"elementor-button elementor-button-link elementor-size-sm\" href=\"https:\/\/www.ortho-hart.at\/cs\/kontaktujte-nas\/\">\n\t\t\t\t\t\t<span class=\"elementor-button-content-wrapper\">\n\t\t\t\t\t\t\t\t\t<span class=\"elementor-button-text\">Spojte se se mnou!<\/span>\n\t\t\t\t\t<\/span>\n\t\t\t\t\t<\/a>\n\t\t\t\t<\/div>\n\t\t\t\t\t\t\t\t<\/div>\n\t\t\t\t<\/div>\n\t\t\t\t<\/div>\n\t\t\t\t<div class=\"elementor-element elementor-element-cdeb92f elementor-widget elementor-widget-heading\" data-id=\"cdeb92f\" data-element_type=\"widget\" data-widget_type=\"heading.default\">\n\t\t\t\t<div class=\"elementor-widget-container\">\n\t\t\t\t\t<h2 class=\"elementor-heading-title elementor-size-default\">V\u00fdsledek: v\u00fdrazn\u00e9 zlep\u0161en\u00ed mobility<\/h2>\t\t\t\t<\/div>\n\t\t\t\t<\/div>\n\t\t\t\t<div class=\"elementor-element elementor-element-33e3666 elementor-widget elementor-widget-text-editor\" data-id=\"33e3666\" data-element_type=\"widget\" data-widget_type=\"text-editor.default\">\n\t\t\t\t<div class=\"elementor-widget-container\">\n\t\t\t\t\t\t\t\t\t<p><span style=\"font-weight: 400;\">V\u00fdsledek operace byl velmi pot\u011b\u0161uj\u00edc\u00ed. Loket, kter\u00fd byl d\u0159\u00edve t\u00e9m\u011b\u0159 zcela ztuhl\u00fd, se v\u00fdrazn\u011b mobilizoval. Pacient byl op\u011bt schopen vykon\u00e1vat ka\u017edodenn\u00ed pohyby a z\u00edskal tak zp\u011bt velkou \u010d\u00e1st kvality \u017eivota.  <\/span><\/p>\t\t\t\t\t\t\t\t<\/div>\n\t\t\t\t<\/div>\n\t\t\t\t<div class=\"elementor-element elementor-element-c70544a elementor-widget elementor-widget-image\" data-id=\"c70544a\" data-element_type=\"widget\" data-widget_type=\"image.default\">\n\t\t\t\t<div class=\"elementor-widget-container\">\n\t\t\t\t\t\t\t\t\t\t\t\t\t\t\t<img decoding=\"async\" width=\"1024\" height=\"461\" src=\"https:\/\/www.ortho-hart.at\/wp-content\/uploads\/2025\/06\/Case-study-2-picture-2-1024x461.jpg\" class=\"attachment-large size-large wp-image-6246\" alt=\"\" srcset=\"https:\/\/www.ortho-hart.at\/wp-content\/uploads\/2025\/06\/Case-study-2-picture-2-1024x461.jpg 1024w, https:\/\/www.ortho-hart.at\/wp-content\/uploads\/2025\/06\/Case-study-2-picture-2-300x135.jpg 300w, https:\/\/www.ortho-hart.at\/wp-content\/uploads\/2025\/06\/Case-study-2-picture-2-768x346.jpg 768w, https:\/\/www.ortho-hart.at\/wp-content\/uploads\/2025\/06\/Case-study-2-picture-2-1536x692.jpg 1536w, https:\/\/www.ortho-hart.at\/wp-content\/uploads\/2025\/06\/Case-study-2-picture-2.jpg 2016w\" sizes=\"(max-width: 1024px) 100vw, 1024px\" \/>\t\t\t\t\t\t\t\t\t\t\t\t\t\t\t<\/div>\n\t\t\t\t<\/div>\n\t\t\t\t<div class=\"elementor-element elementor-element-34bdaef elementor-widget elementor-widget-heading\" data-id=\"34bdaef\" data-element_type=\"widget\" data-widget_type=\"heading.default\">\n\t\t\t\t<div class=\"elementor-widget-container\">\n\t\t\t\t\t<h2 class=\"elementor-heading-title elementor-size-default\">Kdy m\u00e1 operace smysl?<\/h2>\t\t\t\t<\/div>\n\t\t\t\t<\/div>\n\t\t\t\t<div class=\"elementor-element elementor-element-085b783 elementor-widget elementor-widget-text-editor\" data-id=\"085b783\" data-element_type=\"widget\" data-widget_type=\"text-editor.default\">\n\t\t\t\t<div class=\"elementor-widget-container\">\n\t\t\t\t\t\t\t\t\t<p><span style=\"font-weight: 400;\">Chirurgick\u00e1 mobilizace lokte m\u016f\u017ee b\u00fdt u\u017eite\u010dn\u00e1, pokud konzervativn\u00ed opat\u0159en\u00ed &#8211; nap\u0159\u00edklad fyzioterapie &#8211; nep\u0159inesou dostate\u010dn\u00e9 zlep\u0161en\u00ed. Je d\u016fle\u017eit\u00e9 prov\u00e9st p\u0159esnou diagnostiku, aby bylo mo\u017en\u00e9 ur\u010dit p\u0159\u00ed\u010dinu ztuhlosti a individu\u00e1ln\u011b napl\u00e1novat z\u00e1krok. <\/span><\/p><p><span style=\"font-weight: 400;\">Moje v\u00edde\u0148sk\u00e1 ordinace se specializuje na funk\u010dn\u00ed a rekonstruk\u010dn\u00ed z\u00e1kroky na lokti. Pokud trp\u00edte omezen\u00edm pohybu nebo nec\u00edt\u00edte zlep\u0161en\u00ed po \u00farazu, r\u00e1d v\u00e1m osobn\u011b porad\u00edm. <\/span><\/p>\t\t\t\t\t\t\t\t<\/div>\n\t\t\t\t<\/div>\n\t\t\t\t<div class=\"elementor-element elementor-element-9e68e74 elementor-widget elementor-widget-heading\" data-id=\"9e68e74\" data-element_type=\"widget\" data-widget_type=\"heading.default\">\n\t\t\t\t<div class=\"elementor-widget-container\">\n\t\t\t\t\t<h2 class=\"elementor-heading-title elementor-size-default\">Pou\u017eit\u00e9 l\u00e9ka\u0159sk\u00e9 term\u00edny:<\/h2>\t\t\t\t<\/div>\n\t\t\t\t<\/div>\n\t\t\t\t<div class=\"elementor-element elementor-element-09bd208 elementor-widget elementor-widget-text-editor\" data-id=\"09bd208\" data-element_type=\"widget\" data-widget_type=\"text-editor.default\">\n\t\t\t\t<div class=\"elementor-widget-container\">\n\t\t\t\t\t\t\t\t\t<p><b>Ztuhlost lokte<\/b><span style=\"font-weight: 400;\"> &#8211; Stav, kdy se loketn\u00ed kloub ji\u017e nem\u016f\u017ee pohybovat nebo se m\u016f\u017ee pohybovat pouze v omezen\u00e9 m\u00ed\u0159e.<\/span><\/p><p><b>Artrofibr\u00f3za<\/b><span style=\"font-weight: 400;\"> &#8211; Nadm\u011brn\u00e9 zjizven\u00ed kloubu, kter\u00e9 vede k bolesti a omezen\u00ed pohybu.<\/span><\/p><p><b>Kapslov\u00e1 kontraktura<\/b><span style=\"font-weight: 400;\"> &#8211; Smr\u0161\u0165ov\u00e1n\u00ed a tvrdnut\u00ed kloubn\u00edho pouzdra, kter\u00e9 zu\u017euje kloub.<\/span><\/p>\t\t\t\t\t\t\t\t<\/div>\n\t\t\t\t<\/div>\n\t\t\t\t\t<\/div>\n\t\t\t\t<\/div>\n\t\t\t\t<\/div>\n\t\t","protected":false},"excerpt":{"rendered":"<p>Artroskopie vs. otev\u0159en\u00e1 operace: Zjist\u011bte, kter\u00e1 metoda je pro va\u0161i situaci vhodn\u011bj\u0161\u00ed z hlediska bolesti kloubu, doby rehabilitace a n\u00e1klad\u016f.<\/p>\n","protected":false},"author":8,"featured_media":6250,"comment_status":"open","ping_status":"open","sticky":false,"template":"","format":"standard","meta":{"neve_meta_sidebar":"","neve_meta_container":"","neve_meta_enable_content_width":"","neve_meta_content_width":0,"neve_meta_title_alignment":"","neve_meta_author_avatar":"","neve_post_elements_order":"","neve_meta_disable_header":"","neve_meta_disable_footer":"","neve_meta_disable_title":"","neve_meta_reading_time":"","footnotes":""},"categories":[45],"tags":[],"class_list":["post-6406","post","type-post","status-publish","format-standard","has-post-thumbnail","hentry","category-osetreni"],"yoast_head":"<!-- This site is optimized with the Yoast SEO plugin v27.1.1 - https:\/\/yoast.com\/product\/yoast-seo-wordpress\/ -->\n<title>T\u00e9m\u011b\u0159 \u00fapln\u011b ztuhl\u00fd loket - c\u00edlenou operac\u00ed obnovena pohyblivost - Ellenbogenspezialist Wien - Dr. Radek Hart<\/title>\n<meta name=\"robots\" content=\"index, follow, max-snippet:-1, max-image-preview:large, max-video-preview:-1\" \/>\n<link rel=\"canonical\" href=\"https:\/\/www.ortho-hart.at\/cs\/temer-uplne-ztuhly-loket-cilenou-operaci-obnovena-pohyblivost\/\" \/>\n<meta property=\"og:locale\" content=\"cs_CZ\" \/>\n<meta property=\"og:type\" content=\"article\" \/>\n<meta property=\"og:title\" content=\"T\u00e9m\u011b\u0159 \u00fapln\u011b ztuhl\u00fd loket - c\u00edlenou operac\u00ed obnovena pohyblivost - Ellenbogenspezialist Wien - Dr. Radek Hart\" \/>\n<meta property=\"og:description\" content=\"Artroskopie vs. otev\u0159en\u00e1 operace: Zjist\u011bte, kter\u00e1 metoda je pro va\u0161i situaci vhodn\u011bj\u0161\u00ed z hlediska bolesti kloubu, doby rehabilitace a n\u00e1klad\u016f.\" \/>\n<meta property=\"og:url\" content=\"https:\/\/www.ortho-hart.at\/cs\/temer-uplne-ztuhly-loket-cilenou-operaci-obnovena-pohyblivost\/\" \/>\n<meta property=\"og:site_name\" content=\"Ellenbogenspezialist Wien - Dr. Radek Hart\" \/>\n<meta property=\"article:published_time\" content=\"2025-05-21T08:34:06+00:00\" \/>\n<meta property=\"article:modified_time\" content=\"2025-05-21T08:35:15+00:00\" \/>\n<meta property=\"og:image\" content=\"https:\/\/www.ortho-hart.at\/wp-content\/uploads\/2025\/06\/Case-study-2-picture-3.jpg\" \/>\n\t<meta property=\"og:image:width\" content=\"2016\" \/>\n\t<meta property=\"og:image:height\" content=\"908\" \/>\n\t<meta property=\"og:image:type\" content=\"image\/jpeg\" \/>\n<meta name=\"author\" content=\"User User\" \/>\n<meta name=\"twitter:card\" content=\"summary_large_image\" \/>\n<meta name=\"twitter:label1\" content=\"Napsal(a)\" \/>\n\t<meta name=\"twitter:data1\" content=\"User User\" \/>\n\t<meta name=\"twitter:label2\" content=\"Odhadovan\u00e1 doba \u010dten\u00ed\" \/>\n\t<meta name=\"twitter:data2\" content=\"2 minuty\" \/>\n<script type=\"application\/ld+json\" class=\"yoast-schema-graph\">{\"@context\":\"https:\/\/schema.org\",\"@graph\":[{\"@type\":\"Article\",\"@id\":\"https:\/\/www.ortho-hart.at\/cs\/temer-uplne-ztuhly-loket-cilenou-operaci-obnovena-pohyblivost\/#article\",\"isPartOf\":{\"@id\":\"https:\/\/www.ortho-hart.at\/cs\/temer-uplne-ztuhly-loket-cilenou-operaci-obnovena-pohyblivost\/\"},\"author\":{\"name\":\"User User\",\"@id\":\"https:\/\/www.ortho-hart.at\/cs\/#\/schema\/person\/11091fc25d13568d1dfe0c82dfa356ed\"},\"headline\":\"T\u00e9m\u011b\u0159 \u00fapln\u011b ztuhl\u00fd loket &#8211; c\u00edlenou operac\u00ed obnovena pohyblivost\",\"datePublished\":\"2025-05-21T08:34:06+00:00\",\"dateModified\":\"2025-05-21T08:35:15+00:00\",\"mainEntityOfPage\":{\"@id\":\"https:\/\/www.ortho-hart.at\/cs\/temer-uplne-ztuhly-loket-cilenou-operaci-obnovena-pohyblivost\/\"},\"wordCount\":431,\"commentCount\":0,\"publisher\":{\"@id\":\"https:\/\/www.ortho-hart.at\/cs\/#organization\"},\"image\":{\"@id\":\"https:\/\/www.ortho-hart.at\/cs\/temer-uplne-ztuhly-loket-cilenou-operaci-obnovena-pohyblivost\/#primaryimage\"},\"thumbnailUrl\":\"https:\/\/www.ortho-hart.at\/wp-content\/uploads\/2025\/06\/Case-study-2-picture-3.jpg\",\"articleSection\":[\"O\u0161et\u0159en\u00ed\"],\"inLanguage\":\"cs\",\"potentialAction\":[{\"@type\":\"CommentAction\",\"name\":\"Comment\",\"target\":[\"https:\/\/www.ortho-hart.at\/cs\/temer-uplne-ztuhly-loket-cilenou-operaci-obnovena-pohyblivost\/#respond\"]}]},{\"@type\":\"WebPage\",\"@id\":\"https:\/\/www.ortho-hart.at\/cs\/temer-uplne-ztuhly-loket-cilenou-operaci-obnovena-pohyblivost\/\",\"url\":\"https:\/\/www.ortho-hart.at\/cs\/temer-uplne-ztuhly-loket-cilenou-operaci-obnovena-pohyblivost\/\",\"name\":\"T\u00e9m\u011b\u0159 \u00fapln\u011b ztuhl\u00fd loket - c\u00edlenou operac\u00ed obnovena pohyblivost - Ellenbogenspezialist Wien - Dr. Radek Hart\",\"isPartOf\":{\"@id\":\"https:\/\/www.ortho-hart.at\/cs\/#website\"},\"primaryImageOfPage\":{\"@id\":\"https:\/\/www.ortho-hart.at\/cs\/temer-uplne-ztuhly-loket-cilenou-operaci-obnovena-pohyblivost\/#primaryimage\"},\"image\":{\"@id\":\"https:\/\/www.ortho-hart.at\/cs\/temer-uplne-ztuhly-loket-cilenou-operaci-obnovena-pohyblivost\/#primaryimage\"},\"thumbnailUrl\":\"https:\/\/www.ortho-hart.at\/wp-content\/uploads\/2025\/06\/Case-study-2-picture-3.jpg\",\"datePublished\":\"2025-05-21T08:34:06+00:00\",\"dateModified\":\"2025-05-21T08:35:15+00:00\",\"breadcrumb\":{\"@id\":\"https:\/\/www.ortho-hart.at\/cs\/temer-uplne-ztuhly-loket-cilenou-operaci-obnovena-pohyblivost\/#breadcrumb\"},\"inLanguage\":\"cs\",\"potentialAction\":[{\"@type\":\"ReadAction\",\"target\":[\"https:\/\/www.ortho-hart.at\/cs\/temer-uplne-ztuhly-loket-cilenou-operaci-obnovena-pohyblivost\/\"]}]},{\"@type\":\"ImageObject\",\"inLanguage\":\"cs\",\"@id\":\"https:\/\/www.ortho-hart.at\/cs\/temer-uplne-ztuhly-loket-cilenou-operaci-obnovena-pohyblivost\/#primaryimage\",\"url\":\"https:\/\/www.ortho-hart.at\/wp-content\/uploads\/2025\/06\/Case-study-2-picture-3.jpg\",\"contentUrl\":\"https:\/\/www.ortho-hart.at\/wp-content\/uploads\/2025\/06\/Case-study-2-picture-3.jpg\",\"width\":2016,\"height\":908},{\"@type\":\"BreadcrumbList\",\"@id\":\"https:\/\/www.ortho-hart.at\/cs\/temer-uplne-ztuhly-loket-cilenou-operaci-obnovena-pohyblivost\/#breadcrumb\",\"itemListElement\":[{\"@type\":\"ListItem\",\"position\":1,\"name\":\"Startseite\",\"item\":\"https:\/\/www.ortho-hart.at\/cs\/domovska-stranka\/\"},{\"@type\":\"ListItem\",\"position\":2,\"name\":\"T\u00e9m\u011b\u0159 \u00fapln\u011b ztuhl\u00fd loket &#8211; c\u00edlenou operac\u00ed obnovena pohyblivost\"}]},{\"@type\":\"WebSite\",\"@id\":\"https:\/\/www.ortho-hart.at\/cs\/#website\",\"url\":\"https:\/\/www.ortho-hart.at\/cs\/\",\"name\":\"Ellenbogenspezialist Wien - Dr. Radek Hart\",\"description\":\"Orthop\u00e4de 1190 Wien - Spezialist f\u00fcr Ellenbogen\",\"publisher\":{\"@id\":\"https:\/\/www.ortho-hart.at\/cs\/#organization\"},\"potentialAction\":[{\"@type\":\"SearchAction\",\"target\":{\"@type\":\"EntryPoint\",\"urlTemplate\":\"https:\/\/www.ortho-hart.at\/cs\/?s={search_term_string}\"},\"query-input\":{\"@type\":\"PropertyValueSpecification\",\"valueRequired\":true,\"valueName\":\"search_term_string\"}}],\"inLanguage\":\"cs\"},{\"@type\":\"Organization\",\"@id\":\"https:\/\/www.ortho-hart.at\/cs\/#organization\",\"name\":\"Ellenbogenspezialist Wien - Dr. Radek Hart\",\"url\":\"https:\/\/www.ortho-hart.at\/cs\/\",\"logo\":{\"@type\":\"ImageObject\",\"inLanguage\":\"cs\",\"@id\":\"https:\/\/www.ortho-hart.at\/cs\/#\/schema\/logo\/image\/\",\"url\":\"https:\/\/www.ortho-hart.at\/wp-content\/uploads\/2023\/04\/Logo-Favicon-schwarz.svg\",\"contentUrl\":\"https:\/\/www.ortho-hart.at\/wp-content\/uploads\/2023\/04\/Logo-Favicon-schwarz.svg\",\"width\":241,\"height\":226,\"caption\":\"Ellenbogenspezialist Wien - Dr. Radek Hart\"},\"image\":{\"@id\":\"https:\/\/www.ortho-hart.at\/cs\/#\/schema\/logo\/image\/\"}},{\"@type\":\"Person\",\"@id\":\"https:\/\/www.ortho-hart.at\/cs\/#\/schema\/person\/11091fc25d13568d1dfe0c82dfa356ed\",\"name\":\"User User\",\"image\":{\"@type\":\"ImageObject\",\"inLanguage\":\"cs\",\"@id\":\"https:\/\/www.ortho-hart.at\/cs\/#\/schema\/person\/image\/\",\"url\":\"https:\/\/secure.gravatar.com\/avatar\/2952301ee5bcdeed0152a8fe81fac9c801f60c69e7f7fe8e960e78543ab37532?s=96&d=mm&r=g\",\"contentUrl\":\"https:\/\/secure.gravatar.com\/avatar\/2952301ee5bcdeed0152a8fe81fac9c801f60c69e7f7fe8e960e78543ab37532?s=96&d=mm&r=g\",\"caption\":\"User User\"},\"url\":\"https:\/\/www.ortho-hart.at\/cs\/author\/user4855\/\"}]}<\/script>\n<!-- \/ Yoast SEO plugin. -->","yoast_head_json":{"title":"T\u00e9m\u011b\u0159 \u00fapln\u011b ztuhl\u00fd loket - c\u00edlenou operac\u00ed obnovena pohyblivost - Ellenbogenspezialist Wien - Dr. Radek Hart","robots":{"index":"index","follow":"follow","max-snippet":"max-snippet:-1","max-image-preview":"max-image-preview:large","max-video-preview":"max-video-preview:-1"},"canonical":"https:\/\/www.ortho-hart.at\/cs\/temer-uplne-ztuhly-loket-cilenou-operaci-obnovena-pohyblivost\/","og_locale":"cs_CZ","og_type":"article","og_title":"T\u00e9m\u011b\u0159 \u00fapln\u011b ztuhl\u00fd loket - c\u00edlenou operac\u00ed obnovena pohyblivost - Ellenbogenspezialist Wien - Dr. Radek Hart","og_description":"Artroskopie vs. otev\u0159en\u00e1 operace: Zjist\u011bte, kter\u00e1 metoda je pro va\u0161i situaci vhodn\u011bj\u0161\u00ed z hlediska bolesti kloubu, doby rehabilitace a n\u00e1klad\u016f.","og_url":"https:\/\/www.ortho-hart.at\/cs\/temer-uplne-ztuhly-loket-cilenou-operaci-obnovena-pohyblivost\/","og_site_name":"Ellenbogenspezialist Wien - Dr. Radek Hart","article_published_time":"2025-05-21T08:34:06+00:00","article_modified_time":"2025-05-21T08:35:15+00:00","og_image":[{"width":2016,"height":908,"url":"https:\/\/www.ortho-hart.at\/wp-content\/uploads\/2025\/06\/Case-study-2-picture-3.jpg","type":"image\/jpeg"}],"author":"User User","twitter_card":"summary_large_image","twitter_misc":{"Napsal(a)":"User User","Odhadovan\u00e1 doba \u010dten\u00ed":"2 minuty"},"schema":{"@context":"https:\/\/schema.org","@graph":[{"@type":"Article","@id":"https:\/\/www.ortho-hart.at\/cs\/temer-uplne-ztuhly-loket-cilenou-operaci-obnovena-pohyblivost\/#article","isPartOf":{"@id":"https:\/\/www.ortho-hart.at\/cs\/temer-uplne-ztuhly-loket-cilenou-operaci-obnovena-pohyblivost\/"},"author":{"name":"User User","@id":"https:\/\/www.ortho-hart.at\/cs\/#\/schema\/person\/11091fc25d13568d1dfe0c82dfa356ed"},"headline":"T\u00e9m\u011b\u0159 \u00fapln\u011b ztuhl\u00fd loket &#8211; c\u00edlenou operac\u00ed obnovena pohyblivost","datePublished":"2025-05-21T08:34:06+00:00","dateModified":"2025-05-21T08:35:15+00:00","mainEntityOfPage":{"@id":"https:\/\/www.ortho-hart.at\/cs\/temer-uplne-ztuhly-loket-cilenou-operaci-obnovena-pohyblivost\/"},"wordCount":431,"commentCount":0,"publisher":{"@id":"https:\/\/www.ortho-hart.at\/cs\/#organization"},"image":{"@id":"https:\/\/www.ortho-hart.at\/cs\/temer-uplne-ztuhly-loket-cilenou-operaci-obnovena-pohyblivost\/#primaryimage"},"thumbnailUrl":"https:\/\/www.ortho-hart.at\/wp-content\/uploads\/2025\/06\/Case-study-2-picture-3.jpg","articleSection":["O\u0161et\u0159en\u00ed"],"inLanguage":"cs","potentialAction":[{"@type":"CommentAction","name":"Comment","target":["https:\/\/www.ortho-hart.at\/cs\/temer-uplne-ztuhly-loket-cilenou-operaci-obnovena-pohyblivost\/#respond"]}]},{"@type":"WebPage","@id":"https:\/\/www.ortho-hart.at\/cs\/temer-uplne-ztuhly-loket-cilenou-operaci-obnovena-pohyblivost\/","url":"https:\/\/www.ortho-hart.at\/cs\/temer-uplne-ztuhly-loket-cilenou-operaci-obnovena-pohyblivost\/","name":"T\u00e9m\u011b\u0159 \u00fapln\u011b ztuhl\u00fd loket - c\u00edlenou operac\u00ed obnovena pohyblivost - Ellenbogenspezialist Wien - Dr. Radek Hart","isPartOf":{"@id":"https:\/\/www.ortho-hart.at\/cs\/#website"},"primaryImageOfPage":{"@id":"https:\/\/www.ortho-hart.at\/cs\/temer-uplne-ztuhly-loket-cilenou-operaci-obnovena-pohyblivost\/#primaryimage"},"image":{"@id":"https:\/\/www.ortho-hart.at\/cs\/temer-uplne-ztuhly-loket-cilenou-operaci-obnovena-pohyblivost\/#primaryimage"},"thumbnailUrl":"https:\/\/www.ortho-hart.at\/wp-content\/uploads\/2025\/06\/Case-study-2-picture-3.jpg","datePublished":"2025-05-21T08:34:06+00:00","dateModified":"2025-05-21T08:35:15+00:00","breadcrumb":{"@id":"https:\/\/www.ortho-hart.at\/cs\/temer-uplne-ztuhly-loket-cilenou-operaci-obnovena-pohyblivost\/#breadcrumb"},"inLanguage":"cs","potentialAction":[{"@type":"ReadAction","target":["https:\/\/www.ortho-hart.at\/cs\/temer-uplne-ztuhly-loket-cilenou-operaci-obnovena-pohyblivost\/"]}]},{"@type":"ImageObject","inLanguage":"cs","@id":"https:\/\/www.ortho-hart.at\/cs\/temer-uplne-ztuhly-loket-cilenou-operaci-obnovena-pohyblivost\/#primaryimage","url":"https:\/\/www.ortho-hart.at\/wp-content\/uploads\/2025\/06\/Case-study-2-picture-3.jpg","contentUrl":"https:\/\/www.ortho-hart.at\/wp-content\/uploads\/2025\/06\/Case-study-2-picture-3.jpg","width":2016,"height":908},{"@type":"BreadcrumbList","@id":"https:\/\/www.ortho-hart.at\/cs\/temer-uplne-ztuhly-loket-cilenou-operaci-obnovena-pohyblivost\/#breadcrumb","itemListElement":[{"@type":"ListItem","position":1,"name":"Startseite","item":"https:\/\/www.ortho-hart.at\/cs\/domovska-stranka\/"},{"@type":"ListItem","position":2,"name":"T\u00e9m\u011b\u0159 \u00fapln\u011b ztuhl\u00fd loket &#8211; c\u00edlenou operac\u00ed obnovena pohyblivost"}]},{"@type":"WebSite","@id":"https:\/\/www.ortho-hart.at\/cs\/#website","url":"https:\/\/www.ortho-hart.at\/cs\/","name":"Ellenbogenspezialist Wien - Dr. Radek Hart","description":"Orthop\u00e4de 1190 Wien - Spezialist f\u00fcr Ellenbogen","publisher":{"@id":"https:\/\/www.ortho-hart.at\/cs\/#organization"},"potentialAction":[{"@type":"SearchAction","target":{"@type":"EntryPoint","urlTemplate":"https:\/\/www.ortho-hart.at\/cs\/?s={search_term_string}"},"query-input":{"@type":"PropertyValueSpecification","valueRequired":true,"valueName":"search_term_string"}}],"inLanguage":"cs"},{"@type":"Organization","@id":"https:\/\/www.ortho-hart.at\/cs\/#organization","name":"Ellenbogenspezialist Wien - Dr. Radek Hart","url":"https:\/\/www.ortho-hart.at\/cs\/","logo":{"@type":"ImageObject","inLanguage":"cs","@id":"https:\/\/www.ortho-hart.at\/cs\/#\/schema\/logo\/image\/","url":"https:\/\/www.ortho-hart.at\/wp-content\/uploads\/2023\/04\/Logo-Favicon-schwarz.svg","contentUrl":"https:\/\/www.ortho-hart.at\/wp-content\/uploads\/2023\/04\/Logo-Favicon-schwarz.svg","width":241,"height":226,"caption":"Ellenbogenspezialist Wien - Dr. Radek Hart"},"image":{"@id":"https:\/\/www.ortho-hart.at\/cs\/#\/schema\/logo\/image\/"}},{"@type":"Person","@id":"https:\/\/www.ortho-hart.at\/cs\/#\/schema\/person\/11091fc25d13568d1dfe0c82dfa356ed","name":"User User","image":{"@type":"ImageObject","inLanguage":"cs","@id":"https:\/\/www.ortho-hart.at\/cs\/#\/schema\/person\/image\/","url":"https:\/\/secure.gravatar.com\/avatar\/2952301ee5bcdeed0152a8fe81fac9c801f60c69e7f7fe8e960e78543ab37532?s=96&d=mm&r=g","contentUrl":"https:\/\/secure.gravatar.com\/avatar\/2952301ee5bcdeed0152a8fe81fac9c801f60c69e7f7fe8e960e78543ab37532?s=96&d=mm&r=g","caption":"User User"},"url":"https:\/\/www.ortho-hart.at\/cs\/author\/user4855\/"}]}},"_links":{"self":[{"href":"https:\/\/www.ortho-hart.at\/cs\/wp-json\/wp\/v2\/posts\/6406","targetHints":{"allow":["GET"]}}],"collection":[{"href":"https:\/\/www.ortho-hart.at\/cs\/wp-json\/wp\/v2\/posts"}],"about":[{"href":"https:\/\/www.ortho-hart.at\/cs\/wp-json\/wp\/v2\/types\/post"}],"author":[{"embeddable":true,"href":"https:\/\/www.ortho-hart.at\/cs\/wp-json\/wp\/v2\/users\/8"}],"replies":[{"embeddable":true,"href":"https:\/\/www.ortho-hart.at\/cs\/wp-json\/wp\/v2\/comments?post=6406"}],"version-history":[{"count":4,"href":"https:\/\/www.ortho-hart.at\/cs\/wp-json\/wp\/v2\/posts\/6406\/revisions"}],"predecessor-version":[{"id":6889,"href":"https:\/\/www.ortho-hart.at\/cs\/wp-json\/wp\/v2\/posts\/6406\/revisions\/6889"}],"wp:featuredmedia":[{"embeddable":true,"href":"https:\/\/www.ortho-hart.at\/cs\/wp-json\/wp\/v2\/media\/6250"}],"wp:attachment":[{"href":"https:\/\/www.ortho-hart.at\/cs\/wp-json\/wp\/v2\/media?parent=6406"}],"wp:term":[{"taxonomy":"category","embeddable":true,"href":"https:\/\/www.ortho-hart.at\/cs\/wp-json\/wp\/v2\/categories?post=6406"},{"taxonomy":"post_tag","embeddable":true,"href":"https:\/\/www.ortho-hart.at\/cs\/wp-json\/wp\/v2\/tags?post=6406"}],"curies":[{"name":"wp","href":"https:\/\/api.w.org\/{rel}","templated":true}]}}