{"id":4334,"date":"2022-11-14T08:30:11","date_gmt":"2022-11-14T07:30:11","guid":{"rendered":"https:\/\/www.ortho-hart.at\/vyhybate-se-umelemu-kolennimu-kloubu\/"},"modified":"2024-10-31T09:59:58","modified_gmt":"2024-10-31T08:59:58","slug":"vyhybate-se-umelemu-kolennimu-kloubu","status":"publish","type":"post","link":"https:\/\/www.ortho-hart.at\/cs\/vyhybate-se-umelemu-kolennimu-kloubu\/","title":{"rendered":"Vyh\u00fdb\u00e1te se um\u011bl\u00e9mu kolenn\u00edmu kloubu?"},"content":{"rendered":"\t\t<div data-elementor-type=\"wp-post\" data-elementor-id=\"4334\" class=\"elementor elementor-4334 elementor-848\" data-elementor-post-type=\"post\">\n\t\t\t\t\t\t<section class=\"elementor-section elementor-top-section elementor-element elementor-element-b9ed464 elementor-section-boxed elementor-section-height-default elementor-section-height-default\" data-id=\"b9ed464\" data-element_type=\"section\">\n\t\t\t\t\t\t<div class=\"elementor-container elementor-column-gap-default\">\n\t\t\t\t\t<div class=\"elementor-column elementor-col-100 elementor-top-column elementor-element elementor-element-3f03bf5\" data-id=\"3f03bf5\" data-element_type=\"column\">\n\t\t\t<div class=\"elementor-widget-wrap elementor-element-populated\">\n\t\t\t\t\t\t<div class=\"elementor-element elementor-element-d3f0b95 elementor-widget elementor-widget-text-editor\" data-id=\"d3f0b95\" data-element_type=\"widget\" data-widget_type=\"text-editor.default\">\n\t\t\t\t<div class=\"elementor-widget-container\">\n\t\t\t\t\t\t\t\t\t<h2>V n\u011bkter\u00fdch p\u0159\u00edpadech to ur\u010dit\u011b funguje!<\/h2>\n<p class=\"wnd-align-justify\"><span class=\"wsw-02 wnd-font-size-120\">Nez\u0159\u00eddka se u pacient\u016f setk\u00e1v\u00e1me s axi\u00e1ln\u00edmi odchylkami v oblasti kolene (\u010dast\u011bji ve tvaru p\u00edsmene &#8222;O&#8220;, m\u00e9n\u011b \u010dasto ve tvaru p\u00edsmene &#8222;X&#8220;). Pokud v t\u011bchto p\u0159\u00edpadech v\u010das srovn\u00e1me osu kon\u010detiny, m\u016f\u017eeme bu\u010f zcela zabr\u00e1nit implantaci tot\u00e1ln\u00ed endoprot\u00e9zy, nebo ji alespo\u0148 o mnoho let odd\u00e1lit. <\/span><\/p>\n<p class=\"wnd-align-justify\"><span class=\"wsw-02 wnd-font-size-120\">Po\u00farazov\u00e9 stavy spojen\u00e9 s po\u0161kozen\u00edm vaz\u016f, menisk\u016f nebo kloubn\u00edch ploch (chrupavky nebo dokonce kosti) \u010dasto vedou k opot\u0159eben\u00ed kolene. V\u010dasn\u00e1 rekonstrukce je d\u016fle\u017eit\u00e1 nejen pro k\u0159\u00ed\u017eov\u00e9 vazy, ale tak\u00e9 pro postrann\u00ed vazy. Chyb\u011bj\u00edc\u00ed meniskus je pro kolenn\u00ed kloub v\u00fdznamn\u00fdm handicapem a jedin\u00fdm zp\u016fsobem, jak zabr\u00e1nit vzniku osteoartr\u00f3zy, je transplantace menisku. Rekonstrukce povrchu kloubu m\u00e1 tak\u00e9 z\u00e1sadn\u00ed v\u00fdznam pro budouc\u00ed stav kolene. Prov\u00e1d\u00edme r\u016fzn\u00e9 typy rekonstrukc\u00ed chrupavky nebo transplantace kostn\u00ed tk\u00e1n\u011b v p\u0159\u00edpad\u011b hlub\u0161\u00edch defekt\u016f.    <\/span><\/p>\n<p class=\"wnd-align-justify\"><span class=\"wsw-02 wnd-font-size-120\">Pokud je \u010d\u00e1st kolenn\u00edho kloubu ji\u017e opot\u0159ebovan\u00e1, je \u010dasto jedinou mo\u017enost\u00ed implantace odpov\u00eddaj\u00edc\u00ed \u010d\u00e1ste\u010dn\u00e9 endoprot\u00e9zy p\u0159i zachov\u00e1n\u00ed zb\u00fdvaj\u00edc\u00edch \u010d\u00e1st\u00ed kloubu. Krom\u011b \u010d\u00e1ste\u010dn\u00e9 endoprot\u00e9zy vnit\u0159n\u00ed strany kolenn\u00edho kloubu implantujeme tak\u00e9 \u010d\u00e1ste\u010dnou endoprot\u00e9zu vn\u011bj\u0161\u00ed strany a \u010d\u00e1ste\u010dnou endoprot\u00e9zu p\u0159edn\u00ed \u010d\u00e1sti kolenn\u00edho kloubu (pod \u010d\u00e9\u0161kou). Na rozd\u00edl od tot\u00e1ln\u00edch endoprot\u00e9z zachov\u00e1vaj\u00ed \u010d\u00e1ste\u010dn\u00e9 endoprot\u00e9zy biomechaniku kolenn\u00edho kloubu a p\u0159edstavuj\u00ed v\u00fdrazn\u011b men\u0161\u00ed opera\u010dn\u00ed v\u00fdkon.  <\/span><\/p>\n\t\t\t\t\t\t\t\t<\/div>\n\t\t\t\t<\/div>\n\t\t\t\t\t<\/div>\n\t\t<\/div>\n\t\t\t\t\t<\/div>\n\t\t<\/section>\n\t\t\t\t<section class=\"elementor-section elementor-top-section elementor-element elementor-element-5d1d079 elementor-section-boxed elementor-section-height-default elementor-section-height-default\" data-id=\"5d1d079\" data-element_type=\"section\">\n\t\t\t\t\t\t<div class=\"elementor-container elementor-column-gap-default\">\n\t\t\t\t\t<div class=\"elementor-column elementor-col-100 elementor-top-column elementor-element elementor-element-095910e\" data-id=\"095910e\" data-element_type=\"column\">\n\t\t\t<div class=\"elementor-widget-wrap\">\n\t\t\t\t\t\t\t<\/div>\n\t\t<\/div>\n\t\t\t\t\t<\/div>\n\t\t<\/section>\n\t\t\t\t<section class=\"elementor-section elementor-top-section elementor-element elementor-element-220dfbc elementor-section-boxed elementor-section-height-default elementor-section-height-default\" data-id=\"220dfbc\" data-element_type=\"section\">\n\t\t\t\t\t\t<div class=\"elementor-container elementor-column-gap-default\">\n\t\t\t\t\t<div class=\"elementor-column elementor-col-100 elementor-top-column elementor-element elementor-element-7ad2b3d\" data-id=\"7ad2b3d\" data-element_type=\"column\">\n\t\t\t<div class=\"elementor-widget-wrap elementor-element-populated\">\n\t\t\t\t\t\t<div class=\"elementor-element elementor-element-e0f8f69 elementor-widget elementor-widget-image\" data-id=\"e0f8f69\" data-element_type=\"widget\" data-widget_type=\"image.default\">\n\t\t\t\t<div class=\"elementor-widget-container\">\n\t\t\t\t\t\t\t\t\t\t\t\t\t\t\t<img fetchpriority=\"high\" decoding=\"async\" width=\"294\" height=\"300\" src=\"https:\/\/www.ortho-hart.at\/wp-content\/uploads\/2023\/05\/Kniegelenk-2-294x300.webp\" class=\"attachment-medium size-medium wp-image-4336\" alt=\"Um\u011bl\u00fd kolenn\u00ed kloub b\u011bhem operace.\" srcset=\"https:\/\/www.ortho-hart.at\/wp-content\/uploads\/2023\/05\/Kniegelenk-2-294x300.webp 294w, https:\/\/www.ortho-hart.at\/wp-content\/uploads\/2023\/05\/Kniegelenk-2-1004x1024.webp 1004w, https:\/\/www.ortho-hart.at\/wp-content\/uploads\/2023\/05\/Kniegelenk-2-768x783.webp 768w, https:\/\/www.ortho-hart.at\/wp-content\/uploads\/2023\/05\/Kniegelenk-2.webp 1059w\" sizes=\"(max-width: 294px) 100vw, 294px\" \/>\t\t\t\t\t\t\t\t\t\t\t\t\t\t\t<\/div>\n\t\t\t\t<\/div>\n\t\t\t\t\t<\/div>\n\t\t<\/div>\n\t\t\t\t\t<\/div>\n\t\t<\/section>\n\t\t\t\t<\/div>\n\t\t","protected":false},"excerpt":{"rendered":"<p>  V n\u011bkter\u00fdch p\u0159\u00edpadech to ur\u010dit\u011b funguje! Nez\u0159\u00eddka se u pacient\u016f setk\u00e1v\u00e1me s osov\u00fdmi odchylkami v oblasti kolen (\u010dast\u011bji ve tvaru p\u00edsmene &#8222;O&#8220;, m\u00e9n\u011b \u010dasto ve tvaru p\u00edsmene &#8222;X&#8220;). Pokud v t\u011bchto p\u0159\u00edpadech v\u010das srovn\u00e1me osu kon\u010detiny, m\u016f\u017eeme bu\u010f zcela zabr\u00e1nit implantaci tot\u00e1ln\u00ed endoprot\u00e9zy, nebo ji alespo\u0148 o mnoho let odd\u00e1lit.  <\/p>\n","protected":false},"author":2,"featured_media":4335,"comment_status":"open","ping_status":"open","sticky":false,"template":"","format":"standard","meta":{"neve_meta_sidebar":"","neve_meta_container":"","neve_meta_enable_content_width":"","neve_meta_content_width":0,"neve_meta_title_alignment":"","neve_meta_author_avatar":"","neve_post_elements_order":"","neve_meta_disable_header":"","neve_meta_disable_footer":"","neve_meta_disable_title":"","neve_meta_reading_time":"","footnotes":""},"categories":[43],"tags":[],"class_list":["post-4334","post","type-post","status-publish","format-standard","has-post-thumbnail","hentry","category-zpravy"],"yoast_head":"<!-- This site is optimized with the Yoast SEO plugin v27.1.1 - https:\/\/yoast.com\/product\/yoast-seo-wordpress\/ -->\n<title>- Um\u011bl\u00fd kolenn\u00ed kloub Ellenbogenspezialist Wien - Dr. Radek Hart<\/title>\n<meta name=\"description\" content=\"U Dr. Radka Harta lze preventivn\u00edmi opat\u0159en\u00edmi um\u011bl\u00e9mu kolenn\u00edmu kloubu bu\u010f zcela p\u0159edej\u00edt, nebo ho alespo\u0148 o mnoho let odd\u00e1lit.\" \/>\n<meta name=\"robots\" content=\"index, follow, max-snippet:-1, max-image-preview:large, max-video-preview:-1\" \/>\n<link rel=\"canonical\" href=\"https:\/\/www.ortho-hart.at\/cs\/vyhybate-se-umelemu-kolennimu-kloubu\/\" \/>\n<meta property=\"og:locale\" content=\"cs_CZ\" \/>\n<meta property=\"og:type\" content=\"article\" \/>\n<meta property=\"og:title\" content=\"- Um\u011bl\u00fd kolenn\u00ed kloub Ellenbogenspezialist Wien - Dr. Radek Hart\" \/>\n<meta property=\"og:description\" content=\"U Dr. Radka Harta lze preventivn\u00edmi opat\u0159en\u00edmi um\u011bl\u00e9mu kolenn\u00edmu kloubu bu\u010f zcela p\u0159edej\u00edt, nebo ho alespo\u0148 o mnoho let odd\u00e1lit.\" \/>\n<meta property=\"og:url\" content=\"https:\/\/www.ortho-hart.at\/cs\/vyhybate-se-umelemu-kolennimu-kloubu\/\" \/>\n<meta property=\"og:site_name\" content=\"Ellenbogenspezialist Wien - Dr. Radek Hart\" \/>\n<meta property=\"article:published_time\" content=\"2022-11-14T07:30:11+00:00\" \/>\n<meta property=\"article:modified_time\" content=\"2024-10-31T08:59:58+00:00\" \/>\n<meta property=\"og:image\" content=\"https:\/\/www.ortho-hart.at\/wp-content\/uploads\/2023\/05\/Kniegelenk-1.webp\" \/>\n\t<meta property=\"og:image:width\" content=\"1920\" \/>\n\t<meta property=\"og:image:height\" content=\"1386\" \/>\n\t<meta property=\"og:image:type\" content=\"image\/webp\" \/>\n<meta name=\"author\" content=\"Stefanie Unger\" \/>\n<meta name=\"twitter:card\" content=\"summary_large_image\" \/>\n<meta name=\"twitter:label1\" content=\"Napsal(a)\" \/>\n\t<meta name=\"twitter:data1\" content=\"Stefanie Unger\" \/>\n\t<meta name=\"twitter:label2\" content=\"Odhadovan\u00e1 doba \u010dten\u00ed\" \/>\n\t<meta name=\"twitter:data2\" content=\"1 minuta\" \/>\n<script type=\"application\/ld+json\" class=\"yoast-schema-graph\">{\"@context\":\"https:\/\/schema.org\",\"@graph\":[{\"@type\":\"Article\",\"@id\":\"https:\/\/www.ortho-hart.at\/cs\/vyhybate-se-umelemu-kolennimu-kloubu\/#article\",\"isPartOf\":{\"@id\":\"https:\/\/www.ortho-hart.at\/cs\/vyhybate-se-umelemu-kolennimu-kloubu\/\"},\"author\":{\"name\":\"Stefanie Unger\",\"@id\":\"https:\/\/www.ortho-hart.at\/cs\/#\/schema\/person\/df32595c508ea46d8378f148bcaccf58\"},\"headline\":\"Vyh\u00fdb\u00e1te se um\u011bl\u00e9mu kolenn\u00edmu kloubu?\",\"datePublished\":\"2022-11-14T07:30:11+00:00\",\"dateModified\":\"2024-10-31T08:59:58+00:00\",\"mainEntityOfPage\":{\"@id\":\"https:\/\/www.ortho-hart.at\/cs\/vyhybate-se-umelemu-kolennimu-kloubu\/\"},\"wordCount\":276,\"commentCount\":0,\"publisher\":{\"@id\":\"https:\/\/www.ortho-hart.at\/cs\/#organization\"},\"image\":{\"@id\":\"https:\/\/www.ortho-hart.at\/cs\/vyhybate-se-umelemu-kolennimu-kloubu\/#primaryimage\"},\"thumbnailUrl\":\"https:\/\/www.ortho-hart.at\/wp-content\/uploads\/2023\/05\/Kniegelenk-1.webp\",\"articleSection\":[\"Zpr\u00e1vy\"],\"inLanguage\":\"cs\",\"potentialAction\":[{\"@type\":\"CommentAction\",\"name\":\"Comment\",\"target\":[\"https:\/\/www.ortho-hart.at\/cs\/vyhybate-se-umelemu-kolennimu-kloubu\/#respond\"]}]},{\"@type\":\"WebPage\",\"@id\":\"https:\/\/www.ortho-hart.at\/cs\/vyhybate-se-umelemu-kolennimu-kloubu\/\",\"url\":\"https:\/\/www.ortho-hart.at\/cs\/vyhybate-se-umelemu-kolennimu-kloubu\/\",\"name\":\"- Um\u011bl\u00fd kolenn\u00ed kloub Ellenbogenspezialist Wien - Dr. Radek Hart\",\"isPartOf\":{\"@id\":\"https:\/\/www.ortho-hart.at\/cs\/#website\"},\"primaryImageOfPage\":{\"@id\":\"https:\/\/www.ortho-hart.at\/cs\/vyhybate-se-umelemu-kolennimu-kloubu\/#primaryimage\"},\"image\":{\"@id\":\"https:\/\/www.ortho-hart.at\/cs\/vyhybate-se-umelemu-kolennimu-kloubu\/#primaryimage\"},\"thumbnailUrl\":\"https:\/\/www.ortho-hart.at\/wp-content\/uploads\/2023\/05\/Kniegelenk-1.webp\",\"datePublished\":\"2022-11-14T07:30:11+00:00\",\"dateModified\":\"2024-10-31T08:59:58+00:00\",\"description\":\"U Dr. Radka Harta lze preventivn\u00edmi opat\u0159en\u00edmi um\u011bl\u00e9mu kolenn\u00edmu kloubu bu\u010f zcela p\u0159edej\u00edt, nebo ho alespo\u0148 o mnoho let odd\u00e1lit.\",\"breadcrumb\":{\"@id\":\"https:\/\/www.ortho-hart.at\/cs\/vyhybate-se-umelemu-kolennimu-kloubu\/#breadcrumb\"},\"inLanguage\":\"cs\",\"potentialAction\":[{\"@type\":\"ReadAction\",\"target\":[\"https:\/\/www.ortho-hart.at\/cs\/vyhybate-se-umelemu-kolennimu-kloubu\/\"]}]},{\"@type\":\"ImageObject\",\"inLanguage\":\"cs\",\"@id\":\"https:\/\/www.ortho-hart.at\/cs\/vyhybate-se-umelemu-kolennimu-kloubu\/#primaryimage\",\"url\":\"https:\/\/www.ortho-hart.at\/wp-content\/uploads\/2023\/05\/Kniegelenk-1.webp\",\"contentUrl\":\"https:\/\/www.ortho-hart.at\/wp-content\/uploads\/2023\/05\/Kniegelenk-1.webp\",\"width\":1920,\"height\":1386,\"caption\":\"L\u00e9ka\u0159 dr\u017e\u00ed v ruce um\u011bl\u00fd kolenn\u00ed kloub.\"},{\"@type\":\"BreadcrumbList\",\"@id\":\"https:\/\/www.ortho-hart.at\/cs\/vyhybate-se-umelemu-kolennimu-kloubu\/#breadcrumb\",\"itemListElement\":[{\"@type\":\"ListItem\",\"position\":1,\"name\":\"Startseite\",\"item\":\"https:\/\/www.ortho-hart.at\/cs\/domovska-stranka\/\"},{\"@type\":\"ListItem\",\"position\":2,\"name\":\"Vyh\u00fdb\u00e1te se um\u011bl\u00e9mu kolenn\u00edmu kloubu?\"}]},{\"@type\":\"WebSite\",\"@id\":\"https:\/\/www.ortho-hart.at\/cs\/#website\",\"url\":\"https:\/\/www.ortho-hart.at\/cs\/\",\"name\":\"Ellenbogenspezialist Wien - Dr. Radek Hart\",\"description\":\"Orthop\u00e4de 1190 Wien - Spezialist f\u00fcr Ellenbogen\",\"publisher\":{\"@id\":\"https:\/\/www.ortho-hart.at\/cs\/#organization\"},\"potentialAction\":[{\"@type\":\"SearchAction\",\"target\":{\"@type\":\"EntryPoint\",\"urlTemplate\":\"https:\/\/www.ortho-hart.at\/cs\/?s={search_term_string}\"},\"query-input\":{\"@type\":\"PropertyValueSpecification\",\"valueRequired\":true,\"valueName\":\"search_term_string\"}}],\"inLanguage\":\"cs\"},{\"@type\":\"Organization\",\"@id\":\"https:\/\/www.ortho-hart.at\/cs\/#organization\",\"name\":\"Ellenbogenspezialist Wien - Dr. Radek Hart\",\"url\":\"https:\/\/www.ortho-hart.at\/cs\/\",\"logo\":{\"@type\":\"ImageObject\",\"inLanguage\":\"cs\",\"@id\":\"https:\/\/www.ortho-hart.at\/cs\/#\/schema\/logo\/image\/\",\"url\":\"https:\/\/www.ortho-hart.at\/wp-content\/uploads\/2023\/04\/Logo-Favicon-schwarz.svg\",\"contentUrl\":\"https:\/\/www.ortho-hart.at\/wp-content\/uploads\/2023\/04\/Logo-Favicon-schwarz.svg\",\"width\":241,\"height\":226,\"caption\":\"Ellenbogenspezialist Wien - Dr. Radek Hart\"},\"image\":{\"@id\":\"https:\/\/www.ortho-hart.at\/cs\/#\/schema\/logo\/image\/\"}},{\"@type\":\"Person\",\"@id\":\"https:\/\/www.ortho-hart.at\/cs\/#\/schema\/person\/df32595c508ea46d8378f148bcaccf58\",\"name\":\"Stefanie Unger\",\"image\":{\"@type\":\"ImageObject\",\"inLanguage\":\"cs\",\"@id\":\"https:\/\/www.ortho-hart.at\/cs\/#\/schema\/person\/image\/\",\"url\":\"https:\/\/secure.gravatar.com\/avatar\/11beec9e74331c712ae10e46c8c5680a4f5effba10c35e8a78d289a8afd7ab8a?s=96&d=mm&r=g\",\"contentUrl\":\"https:\/\/secure.gravatar.com\/avatar\/11beec9e74331c712ae10e46c8c5680a4f5effba10c35e8a78d289a8afd7ab8a?s=96&d=mm&r=g\",\"caption\":\"Stefanie Unger\"},\"url\":\"https:\/\/www.ortho-hart.at\/cs\/author\/stefanie-unger\/\"}]}<\/script>\n<!-- \/ Yoast SEO plugin. -->","yoast_head_json":{"title":"- Um\u011bl\u00fd kolenn\u00ed kloub Ellenbogenspezialist Wien - Dr. Radek Hart","description":"U Dr. Radka Harta lze preventivn\u00edmi opat\u0159en\u00edmi um\u011bl\u00e9mu kolenn\u00edmu kloubu bu\u010f zcela p\u0159edej\u00edt, nebo ho alespo\u0148 o mnoho let odd\u00e1lit.","robots":{"index":"index","follow":"follow","max-snippet":"max-snippet:-1","max-image-preview":"max-image-preview:large","max-video-preview":"max-video-preview:-1"},"canonical":"https:\/\/www.ortho-hart.at\/cs\/vyhybate-se-umelemu-kolennimu-kloubu\/","og_locale":"cs_CZ","og_type":"article","og_title":"- Um\u011bl\u00fd kolenn\u00ed kloub Ellenbogenspezialist Wien - Dr. Radek Hart","og_description":"U Dr. Radka Harta lze preventivn\u00edmi opat\u0159en\u00edmi um\u011bl\u00e9mu kolenn\u00edmu kloubu bu\u010f zcela p\u0159edej\u00edt, nebo ho alespo\u0148 o mnoho let odd\u00e1lit.","og_url":"https:\/\/www.ortho-hart.at\/cs\/vyhybate-se-umelemu-kolennimu-kloubu\/","og_site_name":"Ellenbogenspezialist Wien - Dr. Radek Hart","article_published_time":"2022-11-14T07:30:11+00:00","article_modified_time":"2024-10-31T08:59:58+00:00","og_image":[{"width":1920,"height":1386,"url":"https:\/\/www.ortho-hart.at\/wp-content\/uploads\/2023\/05\/Kniegelenk-1.webp","type":"image\/webp"}],"author":"Stefanie Unger","twitter_card":"summary_large_image","twitter_misc":{"Napsal(a)":"Stefanie Unger","Odhadovan\u00e1 doba \u010dten\u00ed":"1 minuta"},"schema":{"@context":"https:\/\/schema.org","@graph":[{"@type":"Article","@id":"https:\/\/www.ortho-hart.at\/cs\/vyhybate-se-umelemu-kolennimu-kloubu\/#article","isPartOf":{"@id":"https:\/\/www.ortho-hart.at\/cs\/vyhybate-se-umelemu-kolennimu-kloubu\/"},"author":{"name":"Stefanie Unger","@id":"https:\/\/www.ortho-hart.at\/cs\/#\/schema\/person\/df32595c508ea46d8378f148bcaccf58"},"headline":"Vyh\u00fdb\u00e1te se um\u011bl\u00e9mu kolenn\u00edmu kloubu?","datePublished":"2022-11-14T07:30:11+00:00","dateModified":"2024-10-31T08:59:58+00:00","mainEntityOfPage":{"@id":"https:\/\/www.ortho-hart.at\/cs\/vyhybate-se-umelemu-kolennimu-kloubu\/"},"wordCount":276,"commentCount":0,"publisher":{"@id":"https:\/\/www.ortho-hart.at\/cs\/#organization"},"image":{"@id":"https:\/\/www.ortho-hart.at\/cs\/vyhybate-se-umelemu-kolennimu-kloubu\/#primaryimage"},"thumbnailUrl":"https:\/\/www.ortho-hart.at\/wp-content\/uploads\/2023\/05\/Kniegelenk-1.webp","articleSection":["Zpr\u00e1vy"],"inLanguage":"cs","potentialAction":[{"@type":"CommentAction","name":"Comment","target":["https:\/\/www.ortho-hart.at\/cs\/vyhybate-se-umelemu-kolennimu-kloubu\/#respond"]}]},{"@type":"WebPage","@id":"https:\/\/www.ortho-hart.at\/cs\/vyhybate-se-umelemu-kolennimu-kloubu\/","url":"https:\/\/www.ortho-hart.at\/cs\/vyhybate-se-umelemu-kolennimu-kloubu\/","name":"- Um\u011bl\u00fd kolenn\u00ed kloub Ellenbogenspezialist Wien - Dr. Radek Hart","isPartOf":{"@id":"https:\/\/www.ortho-hart.at\/cs\/#website"},"primaryImageOfPage":{"@id":"https:\/\/www.ortho-hart.at\/cs\/vyhybate-se-umelemu-kolennimu-kloubu\/#primaryimage"},"image":{"@id":"https:\/\/www.ortho-hart.at\/cs\/vyhybate-se-umelemu-kolennimu-kloubu\/#primaryimage"},"thumbnailUrl":"https:\/\/www.ortho-hart.at\/wp-content\/uploads\/2023\/05\/Kniegelenk-1.webp","datePublished":"2022-11-14T07:30:11+00:00","dateModified":"2024-10-31T08:59:58+00:00","description":"U Dr. Radka Harta lze preventivn\u00edmi opat\u0159en\u00edmi um\u011bl\u00e9mu kolenn\u00edmu kloubu bu\u010f zcela p\u0159edej\u00edt, nebo ho alespo\u0148 o mnoho let odd\u00e1lit.","breadcrumb":{"@id":"https:\/\/www.ortho-hart.at\/cs\/vyhybate-se-umelemu-kolennimu-kloubu\/#breadcrumb"},"inLanguage":"cs","potentialAction":[{"@type":"ReadAction","target":["https:\/\/www.ortho-hart.at\/cs\/vyhybate-se-umelemu-kolennimu-kloubu\/"]}]},{"@type":"ImageObject","inLanguage":"cs","@id":"https:\/\/www.ortho-hart.at\/cs\/vyhybate-se-umelemu-kolennimu-kloubu\/#primaryimage","url":"https:\/\/www.ortho-hart.at\/wp-content\/uploads\/2023\/05\/Kniegelenk-1.webp","contentUrl":"https:\/\/www.ortho-hart.at\/wp-content\/uploads\/2023\/05\/Kniegelenk-1.webp","width":1920,"height":1386,"caption":"L\u00e9ka\u0159 dr\u017e\u00ed v ruce um\u011bl\u00fd kolenn\u00ed kloub."},{"@type":"BreadcrumbList","@id":"https:\/\/www.ortho-hart.at\/cs\/vyhybate-se-umelemu-kolennimu-kloubu\/#breadcrumb","itemListElement":[{"@type":"ListItem","position":1,"name":"Startseite","item":"https:\/\/www.ortho-hart.at\/cs\/domovska-stranka\/"},{"@type":"ListItem","position":2,"name":"Vyh\u00fdb\u00e1te se um\u011bl\u00e9mu kolenn\u00edmu kloubu?"}]},{"@type":"WebSite","@id":"https:\/\/www.ortho-hart.at\/cs\/#website","url":"https:\/\/www.ortho-hart.at\/cs\/","name":"Ellenbogenspezialist Wien - Dr. Radek Hart","description":"Orthop\u00e4de 1190 Wien - Spezialist f\u00fcr Ellenbogen","publisher":{"@id":"https:\/\/www.ortho-hart.at\/cs\/#organization"},"potentialAction":[{"@type":"SearchAction","target":{"@type":"EntryPoint","urlTemplate":"https:\/\/www.ortho-hart.at\/cs\/?s={search_term_string}"},"query-input":{"@type":"PropertyValueSpecification","valueRequired":true,"valueName":"search_term_string"}}],"inLanguage":"cs"},{"@type":"Organization","@id":"https:\/\/www.ortho-hart.at\/cs\/#organization","name":"Ellenbogenspezialist Wien - Dr. Radek Hart","url":"https:\/\/www.ortho-hart.at\/cs\/","logo":{"@type":"ImageObject","inLanguage":"cs","@id":"https:\/\/www.ortho-hart.at\/cs\/#\/schema\/logo\/image\/","url":"https:\/\/www.ortho-hart.at\/wp-content\/uploads\/2023\/04\/Logo-Favicon-schwarz.svg","contentUrl":"https:\/\/www.ortho-hart.at\/wp-content\/uploads\/2023\/04\/Logo-Favicon-schwarz.svg","width":241,"height":226,"caption":"Ellenbogenspezialist Wien - Dr. Radek Hart"},"image":{"@id":"https:\/\/www.ortho-hart.at\/cs\/#\/schema\/logo\/image\/"}},{"@type":"Person","@id":"https:\/\/www.ortho-hart.at\/cs\/#\/schema\/person\/df32595c508ea46d8378f148bcaccf58","name":"Stefanie Unger","image":{"@type":"ImageObject","inLanguage":"cs","@id":"https:\/\/www.ortho-hart.at\/cs\/#\/schema\/person\/image\/","url":"https:\/\/secure.gravatar.com\/avatar\/11beec9e74331c712ae10e46c8c5680a4f5effba10c35e8a78d289a8afd7ab8a?s=96&d=mm&r=g","contentUrl":"https:\/\/secure.gravatar.com\/avatar\/11beec9e74331c712ae10e46c8c5680a4f5effba10c35e8a78d289a8afd7ab8a?s=96&d=mm&r=g","caption":"Stefanie Unger"},"url":"https:\/\/www.ortho-hart.at\/cs\/author\/stefanie-unger\/"}]}},"_links":{"self":[{"href":"https:\/\/www.ortho-hart.at\/cs\/wp-json\/wp\/v2\/posts\/4334","targetHints":{"allow":["GET"]}}],"collection":[{"href":"https:\/\/www.ortho-hart.at\/cs\/wp-json\/wp\/v2\/posts"}],"about":[{"href":"https:\/\/www.ortho-hart.at\/cs\/wp-json\/wp\/v2\/types\/post"}],"author":[{"embeddable":true,"href":"https:\/\/www.ortho-hart.at\/cs\/wp-json\/wp\/v2\/users\/2"}],"replies":[{"embeddable":true,"href":"https:\/\/www.ortho-hart.at\/cs\/wp-json\/wp\/v2\/comments?post=4334"}],"version-history":[{"count":1,"href":"https:\/\/www.ortho-hart.at\/cs\/wp-json\/wp\/v2\/posts\/4334\/revisions"}],"predecessor-version":[{"id":4337,"href":"https:\/\/www.ortho-hart.at\/cs\/wp-json\/wp\/v2\/posts\/4334\/revisions\/4337"}],"wp:featuredmedia":[{"embeddable":true,"href":"https:\/\/www.ortho-hart.at\/cs\/wp-json\/wp\/v2\/media\/4335"}],"wp:attachment":[{"href":"https:\/\/www.ortho-hart.at\/cs\/wp-json\/wp\/v2\/media?parent=4334"}],"wp:term":[{"taxonomy":"category","embeddable":true,"href":"https:\/\/www.ortho-hart.at\/cs\/wp-json\/wp\/v2\/categories?post=4334"},{"taxonomy":"post_tag","embeddable":true,"href":"https:\/\/www.ortho-hart.at\/cs\/wp-json\/wp\/v2\/tags?post=4334"}],"curies":[{"name":"wp","href":"https:\/\/api.w.org\/{rel}","templated":true}]}}