{"id":4205,"date":"2023-06-28T09:45:17","date_gmt":"2023-06-28T08:45:17","guid":{"rendered":"https:\/\/www.ortho-hart.at\/pohled-na-operaci-lokte\/"},"modified":"2024-10-31T09:56:21","modified_gmt":"2024-10-31T08:56:21","slug":"pohled-na-operaci-lokte","status":"publish","type":"post","link":"https:\/\/www.ortho-hart.at\/cs\/pohled-na-operaci-lokte\/","title":{"rendered":"Pohled na operaci lokte"},"content":{"rendered":"\t\t<div data-elementor-type=\"wp-post\" data-elementor-id=\"4205\" class=\"elementor elementor-4205 elementor-1370\" data-elementor-post-type=\"post\">\n\t\t\t\t\t\t<section class=\"elementor-section elementor-top-section elementor-element elementor-element-c06182c elementor-section-boxed elementor-section-height-default elementor-section-height-default\" data-id=\"c06182c\" data-element_type=\"section\">\n\t\t\t\t\t\t<div class=\"elementor-container elementor-column-gap-default\">\n\t\t\t\t\t<div class=\"elementor-column elementor-col-100 elementor-top-column elementor-element elementor-element-a9ffdfb\" data-id=\"a9ffdfb\" data-element_type=\"column\">\n\t\t\t<div class=\"elementor-widget-wrap elementor-element-populated\">\n\t\t\t\t\t\t<div class=\"elementor-element elementor-element-f08e653 elementor-widget elementor-widget-text-editor\" data-id=\"f08e653\" data-element_type=\"widget\" data-widget_type=\"text-editor.default\">\n\t\t\t\t<div class=\"elementor-widget-container\">\n\t\t\t\t\t\t\t\t\t<p>Dnes jsme operovali velmi nestabiln\u00ed loketn\u00ed kloub po v\u00e1\u017en\u00e9m \u00farazu. Museli jsme rekonstruovat oba postrann\u00ed vazy a p\u0159edn\u00ed kloubn\u00ed pouzdro, abychom obnovili stabilitu lokte. K zaji\u0161t\u011bn\u00ed hojen\u00ed jsme pou\u017eili mobiln\u00ed zevn\u00ed kloubn\u00ed fix\u00e1tor. Tyto operace jsou velmi n\u00e1ro\u010dn\u00e9 a prov\u00e1d\u011bj\u00ed se jen na n\u011bkolika m\u00e1lo klinik\u00e1ch.   <\/p>\n\t\t\t\t\t\t\t\t<\/div>\n\t\t\t\t<\/div>\n\t\t\t\t<div class=\"elementor-element elementor-element-3752399 elementor-widget elementor-widget-gallery\" data-id=\"3752399\" data-element_type=\"widget\" data-settings=\"{&quot;gap&quot;:{&quot;unit&quot;:&quot;px&quot;,&quot;size&quot;:20,&quot;sizes&quot;:[]},&quot;columns_tablet&quot;:3,&quot;aspect_ratio&quot;:&quot;9:16&quot;,&quot;overlay_description&quot;:&quot;alt&quot;,&quot;columns&quot;:3,&quot;gallery_layout&quot;:&quot;grid&quot;,&quot;columns_mobile&quot;:1,&quot;gap_tablet&quot;:{&quot;unit&quot;:&quot;px&quot;,&quot;size&quot;:10,&quot;sizes&quot;:[]},&quot;gap_mobile&quot;:{&quot;unit&quot;:&quot;px&quot;,&quot;size&quot;:10,&quot;sizes&quot;:[]},&quot;link_to&quot;:&quot;file&quot;,&quot;overlay_background&quot;:&quot;yes&quot;,&quot;content_hover_animation&quot;:&quot;fade-in&quot;}\" data-widget_type=\"gallery.default\">\n\t\t\t\t<div class=\"elementor-widget-container\">\n\t\t\t\t\t\t\t<div class=\"elementor-gallery__container\">\n\t\t\t\t\t\t\t<a class=\"e-gallery-item elementor-gallery-item elementor-animated-content\" href=\"https:\/\/www.ortho-hart.at\/wp-content\/uploads\/2023\/06\/Ellenbogen-OP-2-scaled.jpg\" data-elementor-open-lightbox=\"yes\" data-elementor-lightbox-slideshow=\"3752399\" data-elementor-lightbox-title=\"Operace lokte\" data-e-action-hash=\"#elementor-action%3Aaction%3Dlightbox%26settings%3DeyJpZCI6NDIwNywidXJsIjoiaHR0cHM6XC9cL3d3dy5vcnRoby1oYXJ0LmF0XC93cC1jb250ZW50XC91cGxvYWRzXC8yMDIzXC8wNlwvRWxsZW5ib2dlbi1PUC0yLXNjYWxlZC5qcGciLCJzbGlkZXNob3ciOiIzNzUyMzk5In0%3D\">\n\t\t\t\t\t<div class=\"e-gallery-image elementor-gallery-item__image\" data-thumbnail=\"https:\/\/www.ortho-hart.at\/wp-content\/uploads\/2023\/06\/Ellenbogen-OP-2-scaled.jpg\" data-width=\"1920\" data-height=\"2560\" aria-label=\"\" role=\"img\" ><\/div>\n\t\t\t\t\t\t\t\t\t\t\t<div class=\"elementor-gallery-item__overlay\"><\/div>\n\t\t\t\t\t\t\t\t\t\t\t\t\t\t\t<div class=\"elementor-gallery-item__content\">\n\t\t\t\t\t\t\t\t\t\t\t<\/div>\n\t\t\t\t\t\t\t\t\t<\/a>\n\t\t\t\t\t\t\t<a class=\"e-gallery-item elementor-gallery-item elementor-animated-content\" href=\"https:\/\/www.ortho-hart.at\/wp-content\/uploads\/2023\/06\/Ellenbogen-OP-3-scaled.jpg\" data-elementor-open-lightbox=\"yes\" data-elementor-lightbox-slideshow=\"3752399\" data-elementor-lightbox-title=\"Operace lokte\" data-e-action-hash=\"#elementor-action%3Aaction%3Dlightbox%26settings%3DeyJpZCI6NDIwOCwidXJsIjoiaHR0cHM6XC9cL3d3dy5vcnRoby1oYXJ0LmF0XC93cC1jb250ZW50XC91cGxvYWRzXC8yMDIzXC8wNlwvRWxsZW5ib2dlbi1PUC0zLXNjYWxlZC5qcGciLCJzbGlkZXNob3ciOiIzNzUyMzk5In0%3D\">\n\t\t\t\t\t<div class=\"e-gallery-image elementor-gallery-item__image\" data-thumbnail=\"https:\/\/www.ortho-hart.at\/wp-content\/uploads\/2023\/06\/Ellenbogen-OP-3-scaled.jpg\" data-width=\"1920\" data-height=\"2560\" aria-label=\"\" role=\"img\" ><\/div>\n\t\t\t\t\t\t\t\t\t\t\t<div class=\"elementor-gallery-item__overlay\"><\/div>\n\t\t\t\t\t\t\t\t\t\t\t\t\t\t\t<div class=\"elementor-gallery-item__content\">\n\t\t\t\t\t\t\t\t\t\t\t<\/div>\n\t\t\t\t\t\t\t\t\t<\/a>\n\t\t\t\t\t\t\t<a class=\"e-gallery-item elementor-gallery-item elementor-animated-content\" href=\"https:\/\/www.ortho-hart.at\/wp-content\/uploads\/2023\/06\/Ellenbogen-OP-1-scaled.jpg\" data-elementor-open-lightbox=\"yes\" data-elementor-lightbox-slideshow=\"3752399\" data-elementor-lightbox-title=\"Operace lokte\" data-e-action-hash=\"#elementor-action%3Aaction%3Dlightbox%26settings%3DeyJpZCI6NDIwNiwidXJsIjoiaHR0cHM6XC9cL3d3dy5vcnRoby1oYXJ0LmF0XC93cC1jb250ZW50XC91cGxvYWRzXC8yMDIzXC8wNlwvRWxsZW5ib2dlbi1PUC0xLXNjYWxlZC5qcGciLCJzbGlkZXNob3ciOiIzNzUyMzk5In0%3D\">\n\t\t\t\t\t<div class=\"e-gallery-image elementor-gallery-item__image\" data-thumbnail=\"https:\/\/www.ortho-hart.at\/wp-content\/uploads\/2023\/06\/Ellenbogen-OP-1-scaled.jpg\" data-width=\"1920\" data-height=\"2560\" aria-label=\"\" role=\"img\" ><\/div>\n\t\t\t\t\t\t\t\t\t\t\t<div class=\"elementor-gallery-item__overlay\"><\/div>\n\t\t\t\t\t\t\t\t\t\t\t\t\t\t\t<div class=\"elementor-gallery-item__content\">\n\t\t\t\t\t\t\t\t\t\t\t<\/div>\n\t\t\t\t\t\t\t\t\t<\/a>\n\t\t\t\t\t<\/div>\n\t\t\t\t\t<\/div>\n\t\t\t\t<\/div>\n\t\t\t\t\t<\/div>\n\t\t<\/div>\n\t\t\t\t\t<\/div>\n\t\t<\/section>\n\t\t\t\t<\/div>\n\t\t","protected":false},"excerpt":{"rendered":"<p>Dnes jsme operovali velmi nestabiln\u00ed loketn\u00ed kloub po v\u00e1\u017en\u00e9m \u00farazu. Museli jsme rekonstruovat oba postrann\u00ed vazy a p\u0159edn\u00ed kloubn\u00ed pouzdro, abychom obnovili stabilitu lokte. K zaji\u0161t\u011bn\u00ed hojen\u00ed jsme pou\u017eili mobiln\u00ed zevn\u00ed kloubn\u00ed fix\u00e1tor. Tyto operace jsou velmi n\u00e1ro\u010dn\u00e9 a prov\u00e1d\u011bj\u00ed se jen na n\u011bkolika m\u00e1lo klinik\u00e1ch.<\/p>\n","protected":false},"author":2,"featured_media":4207,"comment_status":"open","ping_status":"open","sticky":false,"template":"","format":"standard","meta":{"neve_meta_sidebar":"","neve_meta_container":"","neve_meta_enable_content_width":"","neve_meta_content_width":0,"neve_meta_title_alignment":"","neve_meta_author_avatar":"","neve_post_elements_order":"","neve_meta_disable_header":"","neve_meta_disable_footer":"","neve_meta_disable_title":"","neve_meta_reading_time":"","footnotes":""},"categories":[43],"tags":[],"class_list":["post-4205","post","type-post","status-publish","format-standard","has-post-thumbnail","hentry","category-zpravy"],"yoast_head":"<!-- This site is optimized with the Yoast SEO plugin v27.1.1 - https:\/\/yoast.com\/product\/yoast-seo-wordpress\/ -->\n<title>Pohled na operaci lokte - Ellenbogenspezialist Wien - Dr. Radek Hart<\/title>\n<meta name=\"robots\" content=\"index, follow, max-snippet:-1, max-image-preview:large, max-video-preview:-1\" \/>\n<link rel=\"canonical\" href=\"https:\/\/www.ortho-hart.at\/cs\/pohled-na-operaci-lokte\/\" \/>\n<meta property=\"og:locale\" content=\"cs_CZ\" \/>\n<meta property=\"og:type\" content=\"article\" \/>\n<meta property=\"og:title\" content=\"Pohled na operaci lokte - Ellenbogenspezialist Wien - Dr. Radek Hart\" \/>\n<meta property=\"og:description\" content=\"Dnes jsme operovali velmi nestabiln\u00ed loketn\u00ed kloub po v\u00e1\u017en\u00e9m \u00farazu. Museli jsme rekonstruovat oba postrann\u00ed vazy a p\u0159edn\u00ed kloubn\u00ed pouzdro, abychom obnovili stabilitu lokte. K zaji\u0161t\u011bn\u00ed hojen\u00ed jsme pou\u017eili mobiln\u00ed zevn\u00ed kloubn\u00ed fix\u00e1tor. Tyto operace jsou velmi n\u00e1ro\u010dn\u00e9 a prov\u00e1d\u011bj\u00ed se jen na n\u011bkolika m\u00e1lo klinik\u00e1ch.\" \/>\n<meta property=\"og:url\" content=\"https:\/\/www.ortho-hart.at\/cs\/pohled-na-operaci-lokte\/\" \/>\n<meta property=\"og:site_name\" content=\"Ellenbogenspezialist Wien - Dr. Radek Hart\" \/>\n<meta property=\"article:published_time\" content=\"2023-06-28T08:45:17+00:00\" \/>\n<meta property=\"article:modified_time\" content=\"2024-10-31T08:56:21+00:00\" \/>\n<meta property=\"og:image\" content=\"https:\/\/www.ortho-hart.at\/wp-content\/uploads\/2023\/06\/Ellenbogen-OP-2-scaled.jpg\" \/>\n\t<meta property=\"og:image:width\" content=\"1920\" \/>\n\t<meta property=\"og:image:height\" content=\"2560\" \/>\n\t<meta property=\"og:image:type\" content=\"image\/jpeg\" \/>\n<meta name=\"author\" content=\"Stefanie Unger\" \/>\n<meta name=\"twitter:card\" content=\"summary_large_image\" \/>\n<meta name=\"twitter:label1\" content=\"Napsal(a)\" \/>\n\t<meta name=\"twitter:data1\" content=\"Stefanie Unger\" \/>\n<script type=\"application\/ld+json\" class=\"yoast-schema-graph\">{\"@context\":\"https:\/\/schema.org\",\"@graph\":[{\"@type\":\"Article\",\"@id\":\"https:\/\/www.ortho-hart.at\/cs\/pohled-na-operaci-lokte\/#article\",\"isPartOf\":{\"@id\":\"https:\/\/www.ortho-hart.at\/cs\/pohled-na-operaci-lokte\/\"},\"author\":{\"name\":\"Stefanie Unger\",\"@id\":\"https:\/\/www.ortho-hart.at\/cs\/#\/schema\/person\/df32595c508ea46d8378f148bcaccf58\"},\"headline\":\"Pohled na operaci lokte\",\"datePublished\":\"2023-06-28T08:45:17+00:00\",\"dateModified\":\"2024-10-31T08:56:21+00:00\",\"mainEntityOfPage\":{\"@id\":\"https:\/\/www.ortho-hart.at\/cs\/pohled-na-operaci-lokte\/\"},\"wordCount\":64,\"commentCount\":0,\"publisher\":{\"@id\":\"https:\/\/www.ortho-hart.at\/cs\/#organization\"},\"image\":{\"@id\":\"https:\/\/www.ortho-hart.at\/cs\/pohled-na-operaci-lokte\/#primaryimage\"},\"thumbnailUrl\":\"https:\/\/www.ortho-hart.at\/wp-content\/uploads\/2023\/06\/Ellenbogen-OP-2-scaled.jpg\",\"articleSection\":[\"Zpr\u00e1vy\"],\"inLanguage\":\"cs\",\"potentialAction\":[{\"@type\":\"CommentAction\",\"name\":\"Comment\",\"target\":[\"https:\/\/www.ortho-hart.at\/cs\/pohled-na-operaci-lokte\/#respond\"]}]},{\"@type\":\"WebPage\",\"@id\":\"https:\/\/www.ortho-hart.at\/cs\/pohled-na-operaci-lokte\/\",\"url\":\"https:\/\/www.ortho-hart.at\/cs\/pohled-na-operaci-lokte\/\",\"name\":\"Pohled na operaci lokte - Ellenbogenspezialist Wien - Dr. Radek Hart\",\"isPartOf\":{\"@id\":\"https:\/\/www.ortho-hart.at\/cs\/#website\"},\"primaryImageOfPage\":{\"@id\":\"https:\/\/www.ortho-hart.at\/cs\/pohled-na-operaci-lokte\/#primaryimage\"},\"image\":{\"@id\":\"https:\/\/www.ortho-hart.at\/cs\/pohled-na-operaci-lokte\/#primaryimage\"},\"thumbnailUrl\":\"https:\/\/www.ortho-hart.at\/wp-content\/uploads\/2023\/06\/Ellenbogen-OP-2-scaled.jpg\",\"datePublished\":\"2023-06-28T08:45:17+00:00\",\"dateModified\":\"2024-10-31T08:56:21+00:00\",\"breadcrumb\":{\"@id\":\"https:\/\/www.ortho-hart.at\/cs\/pohled-na-operaci-lokte\/#breadcrumb\"},\"inLanguage\":\"cs\",\"potentialAction\":[{\"@type\":\"ReadAction\",\"target\":[\"https:\/\/www.ortho-hart.at\/cs\/pohled-na-operaci-lokte\/\"]}]},{\"@type\":\"ImageObject\",\"inLanguage\":\"cs\",\"@id\":\"https:\/\/www.ortho-hart.at\/cs\/pohled-na-operaci-lokte\/#primaryimage\",\"url\":\"https:\/\/www.ortho-hart.at\/wp-content\/uploads\/2023\/06\/Ellenbogen-OP-2-scaled.jpg\",\"contentUrl\":\"https:\/\/www.ortho-hart.at\/wp-content\/uploads\/2023\/06\/Ellenbogen-OP-2-scaled.jpg\",\"width\":1920,\"height\":2560},{\"@type\":\"BreadcrumbList\",\"@id\":\"https:\/\/www.ortho-hart.at\/cs\/pohled-na-operaci-lokte\/#breadcrumb\",\"itemListElement\":[{\"@type\":\"ListItem\",\"position\":1,\"name\":\"Startseite\",\"item\":\"https:\/\/www.ortho-hart.at\/cs\/domovska-stranka\/\"},{\"@type\":\"ListItem\",\"position\":2,\"name\":\"Pohled na operaci lokte\"}]},{\"@type\":\"WebSite\",\"@id\":\"https:\/\/www.ortho-hart.at\/cs\/#website\",\"url\":\"https:\/\/www.ortho-hart.at\/cs\/\",\"name\":\"Ellenbogenspezialist Wien - Dr. Radek Hart\",\"description\":\"Orthop\u00e4de 1190 Wien - Spezialist f\u00fcr Ellenbogen\",\"publisher\":{\"@id\":\"https:\/\/www.ortho-hart.at\/cs\/#organization\"},\"potentialAction\":[{\"@type\":\"SearchAction\",\"target\":{\"@type\":\"EntryPoint\",\"urlTemplate\":\"https:\/\/www.ortho-hart.at\/cs\/?s={search_term_string}\"},\"query-input\":{\"@type\":\"PropertyValueSpecification\",\"valueRequired\":true,\"valueName\":\"search_term_string\"}}],\"inLanguage\":\"cs\"},{\"@type\":\"Organization\",\"@id\":\"https:\/\/www.ortho-hart.at\/cs\/#organization\",\"name\":\"Ellenbogenspezialist Wien - Dr. Radek Hart\",\"url\":\"https:\/\/www.ortho-hart.at\/cs\/\",\"logo\":{\"@type\":\"ImageObject\",\"inLanguage\":\"cs\",\"@id\":\"https:\/\/www.ortho-hart.at\/cs\/#\/schema\/logo\/image\/\",\"url\":\"https:\/\/www.ortho-hart.at\/wp-content\/uploads\/2023\/04\/Logo-Favicon-schwarz.svg\",\"contentUrl\":\"https:\/\/www.ortho-hart.at\/wp-content\/uploads\/2023\/04\/Logo-Favicon-schwarz.svg\",\"width\":241,\"height\":226,\"caption\":\"Ellenbogenspezialist Wien - Dr. Radek Hart\"},\"image\":{\"@id\":\"https:\/\/www.ortho-hart.at\/cs\/#\/schema\/logo\/image\/\"}},{\"@type\":\"Person\",\"@id\":\"https:\/\/www.ortho-hart.at\/cs\/#\/schema\/person\/df32595c508ea46d8378f148bcaccf58\",\"name\":\"Stefanie Unger\",\"image\":{\"@type\":\"ImageObject\",\"inLanguage\":\"cs\",\"@id\":\"https:\/\/www.ortho-hart.at\/cs\/#\/schema\/person\/image\/\",\"url\":\"https:\/\/secure.gravatar.com\/avatar\/11beec9e74331c712ae10e46c8c5680a4f5effba10c35e8a78d289a8afd7ab8a?s=96&d=mm&r=g\",\"contentUrl\":\"https:\/\/secure.gravatar.com\/avatar\/11beec9e74331c712ae10e46c8c5680a4f5effba10c35e8a78d289a8afd7ab8a?s=96&d=mm&r=g\",\"caption\":\"Stefanie Unger\"},\"url\":\"https:\/\/www.ortho-hart.at\/cs\/author\/stefanie-unger\/\"}]}<\/script>\n<!-- \/ Yoast SEO plugin. -->","yoast_head_json":{"title":"Pohled na operaci lokte - Ellenbogenspezialist Wien - Dr. Radek Hart","robots":{"index":"index","follow":"follow","max-snippet":"max-snippet:-1","max-image-preview":"max-image-preview:large","max-video-preview":"max-video-preview:-1"},"canonical":"https:\/\/www.ortho-hart.at\/cs\/pohled-na-operaci-lokte\/","og_locale":"cs_CZ","og_type":"article","og_title":"Pohled na operaci lokte - Ellenbogenspezialist Wien - Dr. Radek Hart","og_description":"Dnes jsme operovali velmi nestabiln\u00ed loketn\u00ed kloub po v\u00e1\u017en\u00e9m \u00farazu. Museli jsme rekonstruovat oba postrann\u00ed vazy a p\u0159edn\u00ed kloubn\u00ed pouzdro, abychom obnovili stabilitu lokte. K zaji\u0161t\u011bn\u00ed hojen\u00ed jsme pou\u017eili mobiln\u00ed zevn\u00ed kloubn\u00ed fix\u00e1tor. Tyto operace jsou velmi n\u00e1ro\u010dn\u00e9 a prov\u00e1d\u011bj\u00ed se jen na n\u011bkolika m\u00e1lo klinik\u00e1ch.","og_url":"https:\/\/www.ortho-hart.at\/cs\/pohled-na-operaci-lokte\/","og_site_name":"Ellenbogenspezialist Wien - Dr. Radek Hart","article_published_time":"2023-06-28T08:45:17+00:00","article_modified_time":"2024-10-31T08:56:21+00:00","og_image":[{"width":1920,"height":2560,"url":"https:\/\/www.ortho-hart.at\/wp-content\/uploads\/2023\/06\/Ellenbogen-OP-2-scaled.jpg","type":"image\/jpeg"}],"author":"Stefanie Unger","twitter_card":"summary_large_image","twitter_misc":{"Napsal(a)":"Stefanie Unger"},"schema":{"@context":"https:\/\/schema.org","@graph":[{"@type":"Article","@id":"https:\/\/www.ortho-hart.at\/cs\/pohled-na-operaci-lokte\/#article","isPartOf":{"@id":"https:\/\/www.ortho-hart.at\/cs\/pohled-na-operaci-lokte\/"},"author":{"name":"Stefanie Unger","@id":"https:\/\/www.ortho-hart.at\/cs\/#\/schema\/person\/df32595c508ea46d8378f148bcaccf58"},"headline":"Pohled na operaci lokte","datePublished":"2023-06-28T08:45:17+00:00","dateModified":"2024-10-31T08:56:21+00:00","mainEntityOfPage":{"@id":"https:\/\/www.ortho-hart.at\/cs\/pohled-na-operaci-lokte\/"},"wordCount":64,"commentCount":0,"publisher":{"@id":"https:\/\/www.ortho-hart.at\/cs\/#organization"},"image":{"@id":"https:\/\/www.ortho-hart.at\/cs\/pohled-na-operaci-lokte\/#primaryimage"},"thumbnailUrl":"https:\/\/www.ortho-hart.at\/wp-content\/uploads\/2023\/06\/Ellenbogen-OP-2-scaled.jpg","articleSection":["Zpr\u00e1vy"],"inLanguage":"cs","potentialAction":[{"@type":"CommentAction","name":"Comment","target":["https:\/\/www.ortho-hart.at\/cs\/pohled-na-operaci-lokte\/#respond"]}]},{"@type":"WebPage","@id":"https:\/\/www.ortho-hart.at\/cs\/pohled-na-operaci-lokte\/","url":"https:\/\/www.ortho-hart.at\/cs\/pohled-na-operaci-lokte\/","name":"Pohled na operaci lokte - Ellenbogenspezialist Wien - Dr. Radek Hart","isPartOf":{"@id":"https:\/\/www.ortho-hart.at\/cs\/#website"},"primaryImageOfPage":{"@id":"https:\/\/www.ortho-hart.at\/cs\/pohled-na-operaci-lokte\/#primaryimage"},"image":{"@id":"https:\/\/www.ortho-hart.at\/cs\/pohled-na-operaci-lokte\/#primaryimage"},"thumbnailUrl":"https:\/\/www.ortho-hart.at\/wp-content\/uploads\/2023\/06\/Ellenbogen-OP-2-scaled.jpg","datePublished":"2023-06-28T08:45:17+00:00","dateModified":"2024-10-31T08:56:21+00:00","breadcrumb":{"@id":"https:\/\/www.ortho-hart.at\/cs\/pohled-na-operaci-lokte\/#breadcrumb"},"inLanguage":"cs","potentialAction":[{"@type":"ReadAction","target":["https:\/\/www.ortho-hart.at\/cs\/pohled-na-operaci-lokte\/"]}]},{"@type":"ImageObject","inLanguage":"cs","@id":"https:\/\/www.ortho-hart.at\/cs\/pohled-na-operaci-lokte\/#primaryimage","url":"https:\/\/www.ortho-hart.at\/wp-content\/uploads\/2023\/06\/Ellenbogen-OP-2-scaled.jpg","contentUrl":"https:\/\/www.ortho-hart.at\/wp-content\/uploads\/2023\/06\/Ellenbogen-OP-2-scaled.jpg","width":1920,"height":2560},{"@type":"BreadcrumbList","@id":"https:\/\/www.ortho-hart.at\/cs\/pohled-na-operaci-lokte\/#breadcrumb","itemListElement":[{"@type":"ListItem","position":1,"name":"Startseite","item":"https:\/\/www.ortho-hart.at\/cs\/domovska-stranka\/"},{"@type":"ListItem","position":2,"name":"Pohled na operaci lokte"}]},{"@type":"WebSite","@id":"https:\/\/www.ortho-hart.at\/cs\/#website","url":"https:\/\/www.ortho-hart.at\/cs\/","name":"Ellenbogenspezialist Wien - Dr. Radek Hart","description":"Orthop\u00e4de 1190 Wien - Spezialist f\u00fcr Ellenbogen","publisher":{"@id":"https:\/\/www.ortho-hart.at\/cs\/#organization"},"potentialAction":[{"@type":"SearchAction","target":{"@type":"EntryPoint","urlTemplate":"https:\/\/www.ortho-hart.at\/cs\/?s={search_term_string}"},"query-input":{"@type":"PropertyValueSpecification","valueRequired":true,"valueName":"search_term_string"}}],"inLanguage":"cs"},{"@type":"Organization","@id":"https:\/\/www.ortho-hart.at\/cs\/#organization","name":"Ellenbogenspezialist Wien - Dr. Radek Hart","url":"https:\/\/www.ortho-hart.at\/cs\/","logo":{"@type":"ImageObject","inLanguage":"cs","@id":"https:\/\/www.ortho-hart.at\/cs\/#\/schema\/logo\/image\/","url":"https:\/\/www.ortho-hart.at\/wp-content\/uploads\/2023\/04\/Logo-Favicon-schwarz.svg","contentUrl":"https:\/\/www.ortho-hart.at\/wp-content\/uploads\/2023\/04\/Logo-Favicon-schwarz.svg","width":241,"height":226,"caption":"Ellenbogenspezialist Wien - Dr. Radek Hart"},"image":{"@id":"https:\/\/www.ortho-hart.at\/cs\/#\/schema\/logo\/image\/"}},{"@type":"Person","@id":"https:\/\/www.ortho-hart.at\/cs\/#\/schema\/person\/df32595c508ea46d8378f148bcaccf58","name":"Stefanie Unger","image":{"@type":"ImageObject","inLanguage":"cs","@id":"https:\/\/www.ortho-hart.at\/cs\/#\/schema\/person\/image\/","url":"https:\/\/secure.gravatar.com\/avatar\/11beec9e74331c712ae10e46c8c5680a4f5effba10c35e8a78d289a8afd7ab8a?s=96&d=mm&r=g","contentUrl":"https:\/\/secure.gravatar.com\/avatar\/11beec9e74331c712ae10e46c8c5680a4f5effba10c35e8a78d289a8afd7ab8a?s=96&d=mm&r=g","caption":"Stefanie Unger"},"url":"https:\/\/www.ortho-hart.at\/cs\/author\/stefanie-unger\/"}]}},"_links":{"self":[{"href":"https:\/\/www.ortho-hart.at\/cs\/wp-json\/wp\/v2\/posts\/4205","targetHints":{"allow":["GET"]}}],"collection":[{"href":"https:\/\/www.ortho-hart.at\/cs\/wp-json\/wp\/v2\/posts"}],"about":[{"href":"https:\/\/www.ortho-hart.at\/cs\/wp-json\/wp\/v2\/types\/post"}],"author":[{"embeddable":true,"href":"https:\/\/www.ortho-hart.at\/cs\/wp-json\/wp\/v2\/users\/2"}],"replies":[{"embeddable":true,"href":"https:\/\/www.ortho-hart.at\/cs\/wp-json\/wp\/v2\/comments?post=4205"}],"version-history":[{"count":1,"href":"https:\/\/www.ortho-hart.at\/cs\/wp-json\/wp\/v2\/posts\/4205\/revisions"}],"predecessor-version":[{"id":4209,"href":"https:\/\/www.ortho-hart.at\/cs\/wp-json\/wp\/v2\/posts\/4205\/revisions\/4209"}],"wp:featuredmedia":[{"embeddable":true,"href":"https:\/\/www.ortho-hart.at\/cs\/wp-json\/wp\/v2\/media\/4207"}],"wp:attachment":[{"href":"https:\/\/www.ortho-hart.at\/cs\/wp-json\/wp\/v2\/media?parent=4205"}],"wp:term":[{"taxonomy":"category","embeddable":true,"href":"https:\/\/www.ortho-hart.at\/cs\/wp-json\/wp\/v2\/categories?post=4205"},{"taxonomy":"post_tag","embeddable":true,"href":"https:\/\/www.ortho-hart.at\/cs\/wp-json\/wp\/v2\/tags?post=4205"}],"curies":[{"name":"wp","href":"https:\/\/api.w.org\/{rel}","templated":true}]}}