{"id":3824,"date":"2024-03-25T10:12:26","date_gmt":"2024-03-25T09:12:26","guid":{"rendered":"https:\/\/www.ortho-hart.at\/lekarsky-konzultant-pro-spolecnost-orthofix\/"},"modified":"2024-10-31T09:47:45","modified_gmt":"2024-10-31T08:47:45","slug":"lekarsky-konzultant-pro-spolecnost-orthofix","status":"publish","type":"post","link":"https:\/\/www.ortho-hart.at\/cs\/lekarsky-konzultant-pro-spolecnost-orthofix\/","title":{"rendered":"L\u00e9ka\u0159sk\u00fd konzultant pro spole\u010dnost Orthofix"},"content":{"rendered":"\t\t<div data-elementor-type=\"wp-post\" data-elementor-id=\"3824\" class=\"elementor elementor-3824 elementor-2994\" data-elementor-post-type=\"post\">\n\t\t\t\t\t\t<section class=\"elementor-section elementor-top-section elementor-element elementor-element-b9ed464 elementor-section-boxed elementor-section-height-default elementor-section-height-default\" data-id=\"b9ed464\" data-element_type=\"section\" data-e-type=\"section\">\n\t\t\t\t\t\t<div class=\"elementor-container elementor-column-gap-default\">\n\t\t\t\t\t<div class=\"elementor-column elementor-col-100 elementor-top-column elementor-element elementor-element-3f03bf5\" data-id=\"3f03bf5\" data-element_type=\"column\" data-e-type=\"column\">\n\t\t\t<div class=\"elementor-widget-wrap elementor-element-populated\">\n\t\t\t\t\t\t<div class=\"elementor-element elementor-element-d3f0b95 elementor-widget elementor-widget-text-editor\" data-id=\"d3f0b95\" data-element_type=\"widget\" data-e-type=\"widget\" data-widget_type=\"text-editor.default\">\n\t\t\t\t<div class=\"elementor-widget-container\">\n\t\t\t\t\t\t\t\t\t<div class=\"wnd-align-justify\">\n<p>Od b\u0159ezna p\u016fsob\u00edm jako Key Opinion Leader pro spole\u010dnost <a href=\"https:\/\/orthofix.com\/\" target=\"_blank\" rel=\"noopener\">Orthofix<\/a> v Rakousku.<\/p>\n<p>Spole\u010dnost Orthofix je <strong>osmou nejv\u011bt\u0161\u00ed<\/strong> spole\u010dnost\u00ed na sv\u011bt\u011b v oblasti l\u00e9ka\u0159sk\u00fdch implant\u00e1t\u016f a celosv\u011btov\u00fdm l\u00eddrem na trhu v oblasti vn\u011bj\u0161\u00edch fix\u00e1tor\u016f.<br \/>Spole\u010dnost m\u00e1 v\u00edce ne\u017e \u010dty\u0159icetiletou historii a p\u016fsob\u00ed v 68 zem\u00edch sv\u011bta. P\u0159i sv\u00e9 konzulta\u010dn\u00ed spolupr\u00e1ci s touto spole\u010dnost\u00ed budu t\u011b\u017eit zejm\u00e9na ze sv\u00fdch dlouholet\u00fdch zku\u0161enost\u00ed v oblasti zevn\u00ed fixace. <\/p>\n<\/div>\n\t\t\t\t\t\t\t\t<\/div>\n\t\t\t\t<\/div>\n\t\t\t\t<div class=\"elementor-element elementor-element-4cb5d2c elementor-widget elementor-widget-image\" data-id=\"4cb5d2c\" data-element_type=\"widget\" data-e-type=\"widget\" data-widget_type=\"image.default\">\n\t\t\t\t<div class=\"elementor-widget-container\">\n\t\t\t\t\t\t\t\t\t\t\t\t\t\t\t<img fetchpriority=\"high\" decoding=\"async\" width=\"640\" height=\"230\" src=\"https:\/\/www.ortho-hart.at\/wp-content\/uploads\/2024\/03\/Orthofix_logo.jpg\" class=\"attachment-large size-large wp-image-3825\" alt=\"\" srcset=\"https:\/\/www.ortho-hart.at\/wp-content\/uploads\/2024\/03\/Orthofix_logo.jpg 640w, https:\/\/www.ortho-hart.at\/wp-content\/uploads\/2024\/03\/Orthofix_logo-300x108.jpg 300w\" sizes=\"(max-width: 640px) 100vw, 640px\" \/>\t\t\t\t\t\t\t\t\t\t\t\t\t\t\t<\/div>\n\t\t\t\t<\/div>\n\t\t\t\t\t<\/div>\n\t\t<\/div>\n\t\t\t\t\t<\/div>\n\t\t<\/section>\n\t\t\t\t<\/div>\n\t\t","protected":false},"excerpt":{"rendered":"<p>Od b\u0159ezna p\u016fsob\u00edm jako Key Opinion Leader pro Orthofix v Rakousku. Orthofix je osm\u00e1 nejv\u011bt\u0161\u00ed spole\u010dnost na sv\u011bt\u011b, kter\u00e1 vyr\u00e1b\u00ed l\u00e9ka\u0159sk\u00e9 implant\u00e1ty &#8230; <\/p>\n","protected":false},"author":2,"featured_media":0,"comment_status":"open","ping_status":"open","sticky":false,"template":"","format":"standard","meta":{"neve_meta_sidebar":"","neve_meta_container":"","neve_meta_enable_content_width":"","neve_meta_content_width":0,"neve_meta_title_alignment":"","neve_meta_author_avatar":"","neve_post_elements_order":"","neve_meta_disable_header":"","neve_meta_disable_footer":"","neve_meta_disable_title":"","neve_meta_reading_time":"","footnotes":""},"categories":[43],"tags":[],"class_list":["post-3824","post","type-post","status-publish","format-standard","hentry","category-zpravy"],"yoast_head":"<!-- This site is optimized with the Yoast SEO plugin v27.5 - https:\/\/yoast.com\/product\/yoast-seo-wordpress\/ -->\n<title>L\u00e9ka\u0159sk\u00fd konzultant pro spole\u010dnost Orthofix - Ellenbogenspezialist Wien - Dr. Radek Hart<\/title>\n<meta name=\"robots\" content=\"index, follow, max-snippet:-1, max-image-preview:large, max-video-preview:-1\" \/>\n<link rel=\"canonical\" href=\"https:\/\/www.ortho-hart.at\/cs\/lekarsky-konzultant-pro-spolecnost-orthofix\/\" \/>\n<meta property=\"og:locale\" content=\"cs_CZ\" \/>\n<meta property=\"og:type\" content=\"article\" \/>\n<meta property=\"og:title\" content=\"L\u00e9ka\u0159sk\u00fd konzultant pro spole\u010dnost Orthofix - Ellenbogenspezialist Wien - Dr. Radek Hart\" \/>\n<meta property=\"og:description\" content=\"Od b\u0159ezna p\u016fsob\u00edm jako Key Opinion Leader pro Orthofix v Rakousku. Orthofix je osm\u00e1 nejv\u011bt\u0161\u00ed spole\u010dnost na sv\u011bt\u011b, kter\u00e1 vyr\u00e1b\u00ed l\u00e9ka\u0159sk\u00e9 implant\u00e1ty ...\" \/>\n<meta property=\"og:url\" content=\"https:\/\/www.ortho-hart.at\/cs\/lekarsky-konzultant-pro-spolecnost-orthofix\/\" \/>\n<meta property=\"og:site_name\" content=\"Ellenbogenspezialist Wien - Dr. Radek Hart\" \/>\n<meta property=\"article:published_time\" content=\"2024-03-25T09:12:26+00:00\" \/>\n<meta property=\"article:modified_time\" content=\"2024-10-31T08:47:45+00:00\" \/>\n<meta property=\"og:image\" content=\"https:\/\/www.ortho-hart.at\/wp-content\/uploads\/2024\/03\/Orthofix_logo.jpg\" \/>\n<meta name=\"author\" content=\"Stefanie Unger\" \/>\n<meta name=\"twitter:card\" content=\"summary_large_image\" \/>\n<meta name=\"twitter:label1\" content=\"Napsal(a)\" \/>\n\t<meta name=\"twitter:data1\" content=\"Stefanie Unger\" \/>\n<script type=\"application\/ld+json\" class=\"yoast-schema-graph\">{\"@context\":\"https:\\\/\\\/schema.org\",\"@graph\":[{\"@type\":\"Article\",\"@id\":\"https:\\\/\\\/www.ortho-hart.at\\\/cs\\\/lekarsky-konzultant-pro-spolecnost-orthofix\\\/#article\",\"isPartOf\":{\"@id\":\"https:\\\/\\\/www.ortho-hart.at\\\/cs\\\/lekarsky-konzultant-pro-spolecnost-orthofix\\\/\"},\"author\":{\"name\":\"Stefanie Unger\",\"@id\":\"https:\\\/\\\/www.ortho-hart.at\\\/cs\\\/#\\\/schema\\\/person\\\/df32595c508ea46d8378f148bcaccf58\"},\"headline\":\"L\u00e9ka\u0159sk\u00fd konzultant pro spole\u010dnost Orthofix\",\"datePublished\":\"2024-03-25T09:12:26+00:00\",\"dateModified\":\"2024-10-31T08:47:45+00:00\",\"mainEntityOfPage\":{\"@id\":\"https:\\\/\\\/www.ortho-hart.at\\\/cs\\\/lekarsky-konzultant-pro-spolecnost-orthofix\\\/\"},\"wordCount\":103,\"commentCount\":0,\"publisher\":{\"@id\":\"https:\\\/\\\/www.ortho-hart.at\\\/cs\\\/#organization\"},\"image\":{\"@id\":\"https:\\\/\\\/www.ortho-hart.at\\\/cs\\\/lekarsky-konzultant-pro-spolecnost-orthofix\\\/#primaryimage\"},\"thumbnailUrl\":\"https:\\\/\\\/www.ortho-hart.at\\\/wp-content\\\/uploads\\\/2024\\\/03\\\/Orthofix_logo.jpg\",\"articleSection\":[\"Zpr\u00e1vy\"],\"inLanguage\":\"cs\",\"potentialAction\":[{\"@type\":\"CommentAction\",\"name\":\"Comment\",\"target\":[\"https:\\\/\\\/www.ortho-hart.at\\\/cs\\\/lekarsky-konzultant-pro-spolecnost-orthofix\\\/#respond\"]}]},{\"@type\":\"WebPage\",\"@id\":\"https:\\\/\\\/www.ortho-hart.at\\\/cs\\\/lekarsky-konzultant-pro-spolecnost-orthofix\\\/\",\"url\":\"https:\\\/\\\/www.ortho-hart.at\\\/cs\\\/lekarsky-konzultant-pro-spolecnost-orthofix\\\/\",\"name\":\"L\u00e9ka\u0159sk\u00fd konzultant pro spole\u010dnost Orthofix - Ellenbogenspezialist Wien - Dr. Radek Hart\",\"isPartOf\":{\"@id\":\"https:\\\/\\\/www.ortho-hart.at\\\/cs\\\/#website\"},\"primaryImageOfPage\":{\"@id\":\"https:\\\/\\\/www.ortho-hart.at\\\/cs\\\/lekarsky-konzultant-pro-spolecnost-orthofix\\\/#primaryimage\"},\"image\":{\"@id\":\"https:\\\/\\\/www.ortho-hart.at\\\/cs\\\/lekarsky-konzultant-pro-spolecnost-orthofix\\\/#primaryimage\"},\"thumbnailUrl\":\"https:\\\/\\\/www.ortho-hart.at\\\/wp-content\\\/uploads\\\/2024\\\/03\\\/Orthofix_logo.jpg\",\"datePublished\":\"2024-03-25T09:12:26+00:00\",\"dateModified\":\"2024-10-31T08:47:45+00:00\",\"breadcrumb\":{\"@id\":\"https:\\\/\\\/www.ortho-hart.at\\\/cs\\\/lekarsky-konzultant-pro-spolecnost-orthofix\\\/#breadcrumb\"},\"inLanguage\":\"cs\",\"potentialAction\":[{\"@type\":\"ReadAction\",\"target\":[\"https:\\\/\\\/www.ortho-hart.at\\\/cs\\\/lekarsky-konzultant-pro-spolecnost-orthofix\\\/\"]}]},{\"@type\":\"ImageObject\",\"inLanguage\":\"cs\",\"@id\":\"https:\\\/\\\/www.ortho-hart.at\\\/cs\\\/lekarsky-konzultant-pro-spolecnost-orthofix\\\/#primaryimage\",\"url\":\"https:\\\/\\\/www.ortho-hart.at\\\/wp-content\\\/uploads\\\/2024\\\/03\\\/Orthofix_logo.jpg\",\"contentUrl\":\"https:\\\/\\\/www.ortho-hart.at\\\/wp-content\\\/uploads\\\/2024\\\/03\\\/Orthofix_logo.jpg\"},{\"@type\":\"BreadcrumbList\",\"@id\":\"https:\\\/\\\/www.ortho-hart.at\\\/cs\\\/lekarsky-konzultant-pro-spolecnost-orthofix\\\/#breadcrumb\",\"itemListElement\":[{\"@type\":\"ListItem\",\"position\":1,\"name\":\"Startseite\",\"item\":\"https:\\\/\\\/www.ortho-hart.at\\\/cs\\\/domovska-stranka\\\/\"},{\"@type\":\"ListItem\",\"position\":2,\"name\":\"L\u00e9ka\u0159sk\u00fd konzultant pro spole\u010dnost Orthofix\"}]},{\"@type\":\"WebSite\",\"@id\":\"https:\\\/\\\/www.ortho-hart.at\\\/cs\\\/#website\",\"url\":\"https:\\\/\\\/www.ortho-hart.at\\\/cs\\\/\",\"name\":\"Ellenbogenspezialist Wien - Dr. Radek Hart\",\"description\":\"Orthop\u00e4de 1190 Wien - Spezialist f\u00fcr Ellenbogen\",\"publisher\":{\"@id\":\"https:\\\/\\\/www.ortho-hart.at\\\/cs\\\/#organization\"},\"potentialAction\":[{\"@type\":\"SearchAction\",\"target\":{\"@type\":\"EntryPoint\",\"urlTemplate\":\"https:\\\/\\\/www.ortho-hart.at\\\/cs\\\/?s={search_term_string}\"},\"query-input\":{\"@type\":\"PropertyValueSpecification\",\"valueRequired\":true,\"valueName\":\"search_term_string\"}}],\"inLanguage\":\"cs\"},{\"@type\":\"Organization\",\"@id\":\"https:\\\/\\\/www.ortho-hart.at\\\/cs\\\/#organization\",\"name\":\"Ellenbogenspezialist Wien - Dr. Radek Hart\",\"url\":\"https:\\\/\\\/www.ortho-hart.at\\\/cs\\\/\",\"logo\":{\"@type\":\"ImageObject\",\"inLanguage\":\"cs\",\"@id\":\"https:\\\/\\\/www.ortho-hart.at\\\/cs\\\/#\\\/schema\\\/logo\\\/image\\\/\",\"url\":\"https:\\\/\\\/www.ortho-hart.at\\\/wp-content\\\/uploads\\\/2023\\\/04\\\/Logo-Favicon-schwarz.svg\",\"contentUrl\":\"https:\\\/\\\/www.ortho-hart.at\\\/wp-content\\\/uploads\\\/2023\\\/04\\\/Logo-Favicon-schwarz.svg\",\"width\":241,\"height\":226,\"caption\":\"Ellenbogenspezialist Wien - Dr. Radek Hart\"},\"image\":{\"@id\":\"https:\\\/\\\/www.ortho-hart.at\\\/cs\\\/#\\\/schema\\\/logo\\\/image\\\/\"}},{\"@type\":\"Person\",\"@id\":\"https:\\\/\\\/www.ortho-hart.at\\\/cs\\\/#\\\/schema\\\/person\\\/df32595c508ea46d8378f148bcaccf58\",\"name\":\"Stefanie Unger\",\"image\":{\"@type\":\"ImageObject\",\"inLanguage\":\"cs\",\"@id\":\"https:\\\/\\\/secure.gravatar.com\\\/avatar\\\/11beec9e74331c712ae10e46c8c5680a4f5effba10c35e8a78d289a8afd7ab8a?s=96&d=mm&r=g\",\"url\":\"https:\\\/\\\/secure.gravatar.com\\\/avatar\\\/11beec9e74331c712ae10e46c8c5680a4f5effba10c35e8a78d289a8afd7ab8a?s=96&d=mm&r=g\",\"contentUrl\":\"https:\\\/\\\/secure.gravatar.com\\\/avatar\\\/11beec9e74331c712ae10e46c8c5680a4f5effba10c35e8a78d289a8afd7ab8a?s=96&d=mm&r=g\",\"caption\":\"Stefanie Unger\"},\"url\":\"https:\\\/\\\/www.ortho-hart.at\\\/cs\\\/author\\\/stefanie-unger\\\/\"}]}<\/script>\n<!-- \/ Yoast SEO plugin. -->","yoast_head_json":{"title":"L\u00e9ka\u0159sk\u00fd konzultant pro spole\u010dnost Orthofix - Ellenbogenspezialist Wien - Dr. Radek Hart","robots":{"index":"index","follow":"follow","max-snippet":"max-snippet:-1","max-image-preview":"max-image-preview:large","max-video-preview":"max-video-preview:-1"},"canonical":"https:\/\/www.ortho-hart.at\/cs\/lekarsky-konzultant-pro-spolecnost-orthofix\/","og_locale":"cs_CZ","og_type":"article","og_title":"L\u00e9ka\u0159sk\u00fd konzultant pro spole\u010dnost Orthofix - Ellenbogenspezialist Wien - Dr. Radek Hart","og_description":"Od b\u0159ezna p\u016fsob\u00edm jako Key Opinion Leader pro Orthofix v Rakousku. Orthofix je osm\u00e1 nejv\u011bt\u0161\u00ed spole\u010dnost na sv\u011bt\u011b, kter\u00e1 vyr\u00e1b\u00ed l\u00e9ka\u0159sk\u00e9 implant\u00e1ty ...","og_url":"https:\/\/www.ortho-hart.at\/cs\/lekarsky-konzultant-pro-spolecnost-orthofix\/","og_site_name":"Ellenbogenspezialist Wien - Dr. Radek Hart","article_published_time":"2024-03-25T09:12:26+00:00","article_modified_time":"2024-10-31T08:47:45+00:00","og_image":[{"url":"https:\/\/www.ortho-hart.at\/wp-content\/uploads\/2024\/03\/Orthofix_logo.jpg","type":"","width":"","height":""}],"author":"Stefanie Unger","twitter_card":"summary_large_image","twitter_misc":{"Napsal(a)":"Stefanie Unger"},"schema":{"@context":"https:\/\/schema.org","@graph":[{"@type":"Article","@id":"https:\/\/www.ortho-hart.at\/cs\/lekarsky-konzultant-pro-spolecnost-orthofix\/#article","isPartOf":{"@id":"https:\/\/www.ortho-hart.at\/cs\/lekarsky-konzultant-pro-spolecnost-orthofix\/"},"author":{"name":"Stefanie Unger","@id":"https:\/\/www.ortho-hart.at\/cs\/#\/schema\/person\/df32595c508ea46d8378f148bcaccf58"},"headline":"L\u00e9ka\u0159sk\u00fd konzultant pro spole\u010dnost Orthofix","datePublished":"2024-03-25T09:12:26+00:00","dateModified":"2024-10-31T08:47:45+00:00","mainEntityOfPage":{"@id":"https:\/\/www.ortho-hart.at\/cs\/lekarsky-konzultant-pro-spolecnost-orthofix\/"},"wordCount":103,"commentCount":0,"publisher":{"@id":"https:\/\/www.ortho-hart.at\/cs\/#organization"},"image":{"@id":"https:\/\/www.ortho-hart.at\/cs\/lekarsky-konzultant-pro-spolecnost-orthofix\/#primaryimage"},"thumbnailUrl":"https:\/\/www.ortho-hart.at\/wp-content\/uploads\/2024\/03\/Orthofix_logo.jpg","articleSection":["Zpr\u00e1vy"],"inLanguage":"cs","potentialAction":[{"@type":"CommentAction","name":"Comment","target":["https:\/\/www.ortho-hart.at\/cs\/lekarsky-konzultant-pro-spolecnost-orthofix\/#respond"]}]},{"@type":"WebPage","@id":"https:\/\/www.ortho-hart.at\/cs\/lekarsky-konzultant-pro-spolecnost-orthofix\/","url":"https:\/\/www.ortho-hart.at\/cs\/lekarsky-konzultant-pro-spolecnost-orthofix\/","name":"L\u00e9ka\u0159sk\u00fd konzultant pro spole\u010dnost Orthofix - Ellenbogenspezialist Wien - Dr. Radek Hart","isPartOf":{"@id":"https:\/\/www.ortho-hart.at\/cs\/#website"},"primaryImageOfPage":{"@id":"https:\/\/www.ortho-hart.at\/cs\/lekarsky-konzultant-pro-spolecnost-orthofix\/#primaryimage"},"image":{"@id":"https:\/\/www.ortho-hart.at\/cs\/lekarsky-konzultant-pro-spolecnost-orthofix\/#primaryimage"},"thumbnailUrl":"https:\/\/www.ortho-hart.at\/wp-content\/uploads\/2024\/03\/Orthofix_logo.jpg","datePublished":"2024-03-25T09:12:26+00:00","dateModified":"2024-10-31T08:47:45+00:00","breadcrumb":{"@id":"https:\/\/www.ortho-hart.at\/cs\/lekarsky-konzultant-pro-spolecnost-orthofix\/#breadcrumb"},"inLanguage":"cs","potentialAction":[{"@type":"ReadAction","target":["https:\/\/www.ortho-hart.at\/cs\/lekarsky-konzultant-pro-spolecnost-orthofix\/"]}]},{"@type":"ImageObject","inLanguage":"cs","@id":"https:\/\/www.ortho-hart.at\/cs\/lekarsky-konzultant-pro-spolecnost-orthofix\/#primaryimage","url":"https:\/\/www.ortho-hart.at\/wp-content\/uploads\/2024\/03\/Orthofix_logo.jpg","contentUrl":"https:\/\/www.ortho-hart.at\/wp-content\/uploads\/2024\/03\/Orthofix_logo.jpg"},{"@type":"BreadcrumbList","@id":"https:\/\/www.ortho-hart.at\/cs\/lekarsky-konzultant-pro-spolecnost-orthofix\/#breadcrumb","itemListElement":[{"@type":"ListItem","position":1,"name":"Startseite","item":"https:\/\/www.ortho-hart.at\/cs\/domovska-stranka\/"},{"@type":"ListItem","position":2,"name":"L\u00e9ka\u0159sk\u00fd konzultant pro spole\u010dnost Orthofix"}]},{"@type":"WebSite","@id":"https:\/\/www.ortho-hart.at\/cs\/#website","url":"https:\/\/www.ortho-hart.at\/cs\/","name":"Ellenbogenspezialist Wien - Dr. Radek Hart","description":"Orthop\u00e4de 1190 Wien - Spezialist f\u00fcr Ellenbogen","publisher":{"@id":"https:\/\/www.ortho-hart.at\/cs\/#organization"},"potentialAction":[{"@type":"SearchAction","target":{"@type":"EntryPoint","urlTemplate":"https:\/\/www.ortho-hart.at\/cs\/?s={search_term_string}"},"query-input":{"@type":"PropertyValueSpecification","valueRequired":true,"valueName":"search_term_string"}}],"inLanguage":"cs"},{"@type":"Organization","@id":"https:\/\/www.ortho-hart.at\/cs\/#organization","name":"Ellenbogenspezialist Wien - Dr. Radek Hart","url":"https:\/\/www.ortho-hart.at\/cs\/","logo":{"@type":"ImageObject","inLanguage":"cs","@id":"https:\/\/www.ortho-hart.at\/cs\/#\/schema\/logo\/image\/","url":"https:\/\/www.ortho-hart.at\/wp-content\/uploads\/2023\/04\/Logo-Favicon-schwarz.svg","contentUrl":"https:\/\/www.ortho-hart.at\/wp-content\/uploads\/2023\/04\/Logo-Favicon-schwarz.svg","width":241,"height":226,"caption":"Ellenbogenspezialist Wien - Dr. Radek Hart"},"image":{"@id":"https:\/\/www.ortho-hart.at\/cs\/#\/schema\/logo\/image\/"}},{"@type":"Person","@id":"https:\/\/www.ortho-hart.at\/cs\/#\/schema\/person\/df32595c508ea46d8378f148bcaccf58","name":"Stefanie Unger","image":{"@type":"ImageObject","inLanguage":"cs","@id":"https:\/\/secure.gravatar.com\/avatar\/11beec9e74331c712ae10e46c8c5680a4f5effba10c35e8a78d289a8afd7ab8a?s=96&d=mm&r=g","url":"https:\/\/secure.gravatar.com\/avatar\/11beec9e74331c712ae10e46c8c5680a4f5effba10c35e8a78d289a8afd7ab8a?s=96&d=mm&r=g","contentUrl":"https:\/\/secure.gravatar.com\/avatar\/11beec9e74331c712ae10e46c8c5680a4f5effba10c35e8a78d289a8afd7ab8a?s=96&d=mm&r=g","caption":"Stefanie Unger"},"url":"https:\/\/www.ortho-hart.at\/cs\/author\/stefanie-unger\/"}]}},"_links":{"self":[{"href":"https:\/\/www.ortho-hart.at\/cs\/wp-json\/wp\/v2\/posts\/3824","targetHints":{"allow":["GET"]}}],"collection":[{"href":"https:\/\/www.ortho-hart.at\/cs\/wp-json\/wp\/v2\/posts"}],"about":[{"href":"https:\/\/www.ortho-hart.at\/cs\/wp-json\/wp\/v2\/types\/post"}],"author":[{"embeddable":true,"href":"https:\/\/www.ortho-hart.at\/cs\/wp-json\/wp\/v2\/users\/2"}],"replies":[{"embeddable":true,"href":"https:\/\/www.ortho-hart.at\/cs\/wp-json\/wp\/v2\/comments?post=3824"}],"version-history":[{"count":0,"href":"https:\/\/www.ortho-hart.at\/cs\/wp-json\/wp\/v2\/posts\/3824\/revisions"}],"wp:attachment":[{"href":"https:\/\/www.ortho-hart.at\/cs\/wp-json\/wp\/v2\/media?parent=3824"}],"wp:term":[{"taxonomy":"category","embeddable":true,"href":"https:\/\/www.ortho-hart.at\/cs\/wp-json\/wp\/v2\/categories?post=3824"},{"taxonomy":"post_tag","embeddable":true,"href":"https:\/\/www.ortho-hart.at\/cs\/wp-json\/wp\/v2\/tags?post=3824"}],"curies":[{"name":"wp","href":"https:\/\/api.w.org\/{rel}","templated":true}]}}